   {"id":1163,"date":"2024-07-03T14:02:37","date_gmt":"2024-07-03T12:02:37","guid":{"rendered":"https:\/\/rf.gov.pl\/akademia\/rozpoczecie-drugiej-edycji-akademii-rzecznika-finansowego\/"},"modified":"2024-09-09T10:10:06","modified_gmt":"2024-09-09T08:10:06","slug":"rozpoczecie-drugiej-edycji-akademii-rzecznika-finansowego","status":"publish","type":"post","link":"https:\/\/rf.gov.pl\/akademia\/rozpoczecie-drugiej-edycji-akademii-rzecznika-finansowego\/","title":{"rendered":"Rozpocz\u0119cie drugiej edycji Akademii  Rzecznika Finansowego"},"content":{"rendered":"\n<p>1 lipca 2024 r. rozpocz\u0119li\u015bmy drug\u0105 edycj\u0119 programu praktyk studenckich \u2013 czyli Akademii Rzecznika Finansowego \u2013 skierowanych do os\u00f3b podejmuj\u0105cych studia z zakresu prawa, ekonomii i kierunk\u00f3w pokrewnych.&nbsp; W programie bior\u0105 udzia\u0142 przedstawiciele uczelni partnerskich z ca\u0142ej Polski. W ramach zaj\u0119\u0107 wst\u0119pnych pracownicy Departamentu Edukacji i Komunikacji Biura Rzecznika Finansowego wprowadzili s\u0142uchaczy w rol\u0119 Rzecznika Finansowego, struktur\u0119 Biura oraz przedstawili podstawowe zagadnienia zwi\u0105zane z ochron\u0105 konsument\u00f3w na rynku finansowym. Odby\u0142y si\u0119 tak\u017ce szkolenia z zakresu BHP, ochrony danych osobowych i polityki bezpiecze\u0144stwa informacji.<\/p>\n\n\n\n<p>Akademia Rzecznika Finansowego to projekt, w ramach kt\u00f3rego osoby zainteresowane problematyk\u0105 ochrony konsument\u00f3w oraz rynkami finansowymi maj\u0105 mo\u017cliwo\u015b\u0107 zdobycia zaawansowanej wiedzy na temat mechanizm\u00f3w ochrony klient\u00f3w podmiot\u00f3w rynku finansowego, a tak\u017ce wielu umiej\u0119tno\u015bci praktycznych. Program zaj\u0119\u0107, trwaj\u0105cych od 1 do 31 lipca 2024 r., obejmuje dwa zasadnicze modu\u0142y: wyk\u0142ady i konwersatoria na temat funkcjonowania systemu ochrony klient\u00f3w rynku finansowego oraz prac\u0119 w ma\u0142ych grupach nad konkretnymi sprawami pod okiem specjalist\u00f3w z Biura Rzecznika Finansowego.<\/p>\n\n\n\n<p>Szkolenia w ramach Akademii prowadzone b\u0119d\u0105 przez pracownik\u00f3w Biura Rzecznika Finansowego, nauczycieli akademickich b\u0119d\u0105cych cz\u0142onkami Doradczego Komitetu Naukowego i innych ekspert\u00f3w zewn\u0119trznych. Cz\u0119\u015b\u0107 praktyczna zorganizowana b\u0119dzie we wsp\u00f3\u0142pracy z poszczeg\u00f3lnymi jednostkami Biura Rzecznika Finansowego i obejmie w szczeg\u00f3lno\u015bci: analizowanie spraw, przygotowywanie dokumentacji, dokonywanie wyk\u0142adni prawa oraz sporz\u0105dzanie pism procesowych.<\/p>\n\n\n\n<p>Kolejna edycja Akademii rozpocznie si\u0119 1 sierpnia 2024 r.<\/p>\n\n\n\n<div class=\"\">\n\n<div class=\"space40\"><\/div>\n\n<h2 class=\"sub_page_h2_orange\"><\/h2>\n\n\n\n<div class=\"news_gallery\">\n<ul class=\"row\">\n                    \n                  \n\n<li class=\"col-xxl-6 col-xl-6 col-lg-6 col-md-12 col-sm-6 gal_container1\" tabindex=\"0\">\n\n<img decoding=\"async\" src=\"\"  alt=\"\" class=\"img_all test\"  type=\"button\" data-bs-toggle=\"modal\"  data-bs-target=\"#exampleModal\"  data-bs-slide-to=\"0\">\n\n<\/li>\n\n                  \n                  \n\n<li class=\"col-xxl-6 col-xl-6 col-lg-6 col-md-12 col-sm-6 gal_container1\" tabindex=\"0\">\n\n<img decoding=\"async\" src=\"\"  alt=\"\" class=\"img_all test\"  type=\"button\" data-bs-toggle=\"modal\"  data-bs-target=\"#exampleModal\"  data-bs-slide-to=\"1\">\n\n<\/li>\n\n\n\n<\/ul>\n\n<div class=\"modal fade\" id=\"exampleModal\" tabindex=\"-1\" aria-labelledby=\"exampleModalLabel\" aria-hidden=\"true\">\n        <div class=\"modal-dialog\">\n            <div class=\"modal-content\">\n                    <div class=\"row\">\n                    <div class=\"col-xxl-2 col-xl-2 col-lg-2 col-md-2 col-sm-12 gal_left\"><a href=\"#\" class=\"but-prev\"  data-bs-target=\"#carouselExample\" data-bs-slide=\"prev\"><i class=\"fa-solid fa-arrow-left\"><\/i><\/a><\/div>\n                    <div class=\"col-xxl-8 col-xl-8 col-lg-8 col-md-8 col-sm-12\">\n                    <div id=\"carouselExample\" class=\"carousel slide\" data-bs-ride=\"carousel\" >\n                        <div class=\"carousel-inner\">\n\n                                                                    \n                                                                <div class=\"carousel-item  active \" >\n                                            \n                                    <img decoding=\"async\" src=\"\" alt=\"\" class=\" img_all\">\n                                        <div class=\"row\">\n                                           \n                                            <div class=\"col-xxl-12 col-xl-12 col-lg-12 col-md-12 col-sm-12\">\n                                                <div class=\"img_caption\">\n                                                    <div class=\"cap_text\">  <\/div> \n                                                    <div class=\"cap_num\">\n                                                        <strong> zdj\u0119cie 1 z 2<\/strong>\n                                                    <\/div>\n                                                    <div class=\"gl_arrows\"> <a href=\"#\" class=\"but-prev\" data-bs-target=\"#carouselExample\" data-bs-slide=\"prev\"><i class=\"fa-solid fa-arrow-left\"><\/i><\/a> <a href=\"#\" class=\"but-prev\"  data-bs-target=\"#carouselExample\" alt=\"\" data-bs-slide=\"next\"><i class=\"fa-solid fa-arrow-right\"><\/i><\/a> <\/div>\n                                                    \n                                                <\/div>\n                                            <\/div>\n                                            \n                                        <\/div>\n                                <\/div>\n                                                                \n                                                                <div class=\"carousel-item \" >\n                                            \n                                    <img decoding=\"async\" src=\"\" alt=\"\" class=\" img_all\">\n                                        <div class=\"row\">\n                                           \n                                            <div class=\"col-xxl-12 col-xl-12 col-lg-12 col-md-12 col-sm-12\">\n                                                <div class=\"img_caption\">\n                                                    <div class=\"cap_text\">  <\/div> \n                                                    <div class=\"cap_num\">\n                                                        <strong> zdj\u0119cie 2 z 2<\/strong>\n                                                    <\/div>\n                                                    <div class=\"gl_arrows\"> <a href=\"#\" class=\"but-prev\" data-bs-target=\"#carouselExample\" data-bs-slide=\"prev\"><i class=\"fa-solid fa-arrow-left\"><\/i><\/a> <a href=\"#\" class=\"but-prev\"  data-bs-target=\"#carouselExample\" alt=\"\" data-bs-slide=\"next\"><i class=\"fa-solid fa-arrow-right\"><\/i><\/a> <\/div>\n                                                    \n                                                <\/div>\n                                            <\/div>\n                                            \n                                        <\/div>\n                                <\/div>\n                                                    <\/div>\n                    <\/div>\n                    <\/div>\n\n                    <div class=\"col-xxl-2 col-xl-2 col-lg-2 col-md-2 col-sm-12 gal_right\"><a href=\"#\"  data-bs-target=\"#carouselExample\" data-bs-slide=\"next\" class=\"but-prev\"><i class=\"fa-solid fa-arrow-right\"><\/i><\/a> <\/div>\n                    <\/div>\n            \n                    \n            \n            <\/div>\n        <\/div>\n  <\/div>\n\n<\/div>\n<\/div>\n\n","protected":false},"excerpt":{"rendered":"<p>1 lipca 2024 r. rozpocz\u0119li\u015bmy drug\u0105 edycj\u0119 programu praktyk studenckich \u2013 czyli Akademii Rzecznika Finansowego \u2013 skierowanych do os\u00f3b podejmuj\u0105cych studia z zakresu prawa, ekonomii i kierunk\u00f3w pokrewnych.&nbsp; W programie bior\u0105 udzia\u0142 przedstawiciele uczelni partnerskich z ca\u0142ej Polski. W ramach zaj\u0119\u0107 wst\u0119pnych pracownicy Departamentu Edukacji i Komunikacji Biura Rzecznika Finansowego wprowadzili s\u0142uchaczy w rol\u0119 Rzecznika [&hellip;]<\/p>\n","protected":false},"author":4,"featured_media":1357,"comment_status":"open","ping_status":"open","sticky":false,"template":"","format":"standard","meta":{"_acf_changed":false,"inline_featured_image":false,"footnotes":"","_links_to":"","_links_to_target":""},"categories":[1],"tags":[],"class_list":["post-1163","post","type-post","status-publish","format-standard","has-post-thumbnail","hentry","category-bez-kategorii"],"acf":[],"_links":{"self":[{"href":"https:\/\/rf.gov.pl\/akademia\/wp-json\/wp\/v2\/posts\/1163","targetHints":{"allow":["GET"]}}],"collection":[{"href":"https:\/\/rf.gov.pl\/akademia\/wp-json\/wp\/v2\/posts"}],"about":[{"href":"https:\/\/rf.gov.pl\/akademia\/wp-json\/wp\/v2\/types\/post"}],"author":[{"embeddable":true,"href":"https:\/\/rf.gov.pl\/akademia\/wp-json\/wp\/v2\/users\/4"}],"replies":[{"embeddable":true,"href":"https:\/\/rf.gov.pl\/akademia\/wp-json\/wp\/v2\/comments?post=1163"}],"version-history":[{"count":2,"href":"https:\/\/rf.gov.pl\/akademia\/wp-json\/wp\/v2\/posts\/1163\/revisions"}],"predecessor-version":[{"id":1368,"href":"https:\/\/rf.gov.pl\/akademia\/wp-json\/wp\/v2\/posts\/1163\/revisions\/1368"}],"wp:featuredmedia":[{"embeddable":true,"href":"https:\/\/rf.gov.pl\/akademia\/wp-json\/wp\/v2\/media\/1357"}],"wp:attachment":[{"href":"https:\/\/rf.gov.pl\/akademia\/wp-json\/wp\/v2\/media?parent=1163"}],"wp:term":[{"taxonomy":"category","embeddable":true,"href":"https:\/\/rf.gov.pl\/akademia\/wp-json\/wp\/v2\/categories?post=1163"},{"taxonomy":"post_tag","embeddable":true,"href":"https:\/\/rf.gov.pl\/akademia\/wp-json\/wp\/v2\/tags?post=1163"}],"curies":[{"name":"wp","href":"https:\/\/api.w.org\/{rel}","templated":true}]}}