   {"id":1219,"date":"2024-02-05T13:13:45","date_gmt":"2024-02-05T12:13:45","guid":{"rendered":"https:\/\/rf.gov.pl\/akademia\/spotkanie-organizacji-pozarzadowych-z-rzecznikiem-finansowym\/"},"modified":"2024-02-05T13:13:45","modified_gmt":"2024-02-05T12:13:45","slug":"spotkanie-organizacji-pozarzadowych-z-rzecznikiem-finansowym","status":"publish","type":"post","link":"https:\/\/rf.gov.pl\/akademia\/spotkanie-organizacji-pozarzadowych-z-rzecznikiem-finansowym\/","title":{"rendered":"Spotkanie organizacji pozarz\u0105dowych z\u00a0Rzecznikiem\u00a0Finansowym"},"content":{"rendered":"\n<p>1 lutego 2024 r. odby\u0142o si\u0119 spotkanie Rzecznika Finansowego z przedstawicielami siedmiu organizacji pozarz\u0105dowych zajmuj\u0105cych si\u0119 ochron\u0105 oraz edukacj\u0105 konsument\u00f3w i klient\u00f3w podmiot\u00f3w rynku finansowego:<\/p>\n\n\n\n<ul class=\"wp-block-list\">\n<li>Stowarzyszenie Stop Bankowemu Bezprawiu,<\/li>\n\n\n\n<li>Stowarzyszenie Ochrony Konsument\u00f3w AQUILA,<\/li>\n\n\n\n<li>Stowarzyszenie Inwestor\u00f3w Indywidualnych,<\/li>\n\n\n\n<li>Fundacja LexCultura,<\/li>\n\n\n\n<li>Stowarzyszenie Poszkodowanych w Aferze GetBack,<\/li>\n\n\n\n<li>Stowarzyszenie Euro-Concret,<\/li>\n\n\n\n<li>Federacja Konsument\u00f3w,<\/li>\n\n\n\n<li>Fundacja Konsument\u00f3w.<\/li>\n<\/ul>\n\n\n\n<p>Rzecznik Finansowy, dr Bohdan Pretkiel, otwieraj\u0105c spotkanie podkre\u015bli\u0142 fundamentaln\u0105 rol\u0119, jak\u0105 pe\u0142ni <em>ombudsman<\/em> w ochronie praw os\u00f3b pokrzywdzonych i du\u017ce znaczenie dialogu z&nbsp;organizacjami, kt\u00f3re dzia\u0142aj\u0105 w celu ochrony konsument\u00f3w. Rzecznik zaznaczy\u0142, \u017ce wsp\u00f3\u0142praca z organizacjami pozarz\u0105dowymi jest kluczowa, gdy\u017c cz\u0119sto to one jako pierwsze dostrzegaj\u0105 problemy i nieprawid\u0142owo\u015bci na rynku finansowym.<\/p>\n\n\n\n<p>W ramach spotkania poruszone zosta\u0142y aktualne problemy klient\u00f3w na rynku finansowym oraz wyzwania z&nbsp;jakimi mierz\u0105 si\u0119 organizacje pozarz\u0105dowe ich wspieraj\u0105ce. Uczestnicy rozmawiali o pog\u0142\u0119bionej wsp\u00f3\u0142pracy w obszarze wymiany informacji o nieprawid\u0142owo\u015bciach oraz wsparci Rzecznika Finansowego w&nbsp;zakresie poradnictwa konsumenckiego i projektach edukacyjnych.<\/p>\n\n\n\n<p>Spotkanie jest wa\u017cnym krokiem w kierunku dalszej wsp\u00f3\u0142pracy mi\u0119dzy Rzecznikiem a organizacjami pozarz\u0105dowymi. Uczestnicy zgodzili si\u0119 co do potrzeby intensyfikacji wsp\u00f3lnych dzia\u0142a\u0144 na rzecz ochrony klient\u00f3w na rynku finansowym, zapowiadaj\u0105c gotowo\u015b\u0107 do organizacji cyklicznych spotka\u0144.<\/p>\n\n\n\n<p>Serdecznie dzi\u0119kujemy wszystkim przyby\u0142ym za mo\u017cliwo\u015b\u0107 wymiany do\u015bwiadcze\u0144 i pogl\u0105d\u00f3w oraz przedstawienie pomys\u0142\u00f3w i postulat\u00f3w w zakresie bardziej efektywnego wspierania klient\u00f3w.<\/p>\n\n\n\n<p>Jednocze\u015bnie zapraszamy pozosta\u0142e organizacje pozarz\u0105dowe, kt\u00f3re zajmuj\u0105 si\u0119 wspieraniem klient\u00f3w podmiot\u00f3w rynku finansowego do bezpo\u015bredniego kontaktu z Biurem pod adresem <a href=\"mailto:sekretariat.dal@rf.gov.pl\">sekretariat.dal@rf.gov.pl<\/a>.<\/p>\n\n\n\n<figure class=\"wp-block-gallery has-nested-images columns-2 is-cropped wp-block-gallery-1 is-layout-flex wp-block-gallery-is-layout-flex\">\n<figure class=\"wp-block-image size-large\"><img decoding=\"async\" data-id=\"11897\" src=\"https:\/\/rf.gov.pl\/wp-content\/uploads\/2024\/02\/NGO-3-1024x681.jpg\" alt=\"\" class=\"wp-image-11897\" \/><\/figure>\n\n\n\n<figure class=\"wp-block-image size-large\"><img decoding=\"async\" data-id=\"11895\" src=\"https:\/\/rf.gov.pl\/wp-content\/uploads\/2024\/02\/NGO-1-1024x681.jpg\" alt=\"\" class=\"wp-image-11895\" \/><\/figure>\n\n\n\n<figure data-wp-context=\"{&quot;imageId&quot;:&quot;69f1d343e13ec&quot;}\" data-wp-interactive=\"core\/image\" data-wp-key=\"69f1d343e13ec\" class=\"wp-block-image size-large wp-lightbox-container\"><img decoding=\"async\" data-wp-class--hide=\"state.isContentHidden\" data-wp-class--show=\"state.isContentVisible\" data-wp-init=\"callbacks.setButtonStyles\" data-wp-on--click=\"actions.showLightbox\" data-wp-on--load=\"callbacks.setButtonStyles\" data-wp-on-window--resize=\"callbacks.setButtonStyles\" data-id=\"11896\" src=\"https:\/\/rf.gov.pl\/wp-content\/uploads\/2024\/02\/NGO-2-1024x722.jpg\" alt=\"\" class=\"wp-image-11896\" \/><button\n\t\t\tclass=\"lightbox-trigger\"\n\t\t\ttype=\"button\"\n\t\t\taria-haspopup=\"dialog\"\n\t\t\taria-label=\"Powi\u0119ksz\"\n\t\t\tdata-wp-init=\"callbacks.initTriggerButton\"\n\t\t\tdata-wp-on--click=\"actions.showLightbox\"\n\t\t\tdata-wp-style--right=\"state.imageButtonRight\"\n\t\t\tdata-wp-style--top=\"state.imageButtonTop\"\n\t\t>\n\t\t\t<svg xmlns=\"http:\/\/www.w3.org\/2000\/svg\" width=\"12\" height=\"12\" fill=\"none\" viewBox=\"0 0 12 12\">\n\t\t\t\t<path fill=\"#fff\" d=\"M2 0a2 2 0 0 0-2 2v2h1.5V2a.5.5 0 0 1 .5-.5h2V0H2Zm2 10.5H2a.5.5 0 0 1-.5-.5V8H0v2a2 2 0 0 0 2 2h2v-1.5ZM8 12v-1.5h2a.5.5 0 0 0 .5-.5V8H12v2a2 2 0 0 1-2 2H8Zm2-12a2 2 0 0 1 2 2v2h-1.5V2a.5.5 0 0 0-.5-.5H8V0h2Z\" \/>\n\t\t\t<\/svg>\n\t\t<\/button><\/figure>\n<\/figure>\n\n\n\n<p><\/p>\n","protected":false},"excerpt":{"rendered":"<p>1 lutego 2024 r. odby\u0142o si\u0119 spotkanie Rzecznika Finansowego z przedstawicielami siedmiu organizacji pozarz\u0105dowych zajmuj\u0105cych si\u0119 ochron\u0105 oraz edukacj\u0105 konsument\u00f3w i klient\u00f3w podmiot\u00f3w rynku finansowego: Rzecznik Finansowy, dr Bohdan Pretkiel, otwieraj\u0105c spotkanie podkre\u015bli\u0142 fundamentaln\u0105 rol\u0119, jak\u0105 pe\u0142ni ombudsman w ochronie praw os\u00f3b pokrzywdzonych i du\u017ce znaczenie dialogu z&nbsp;organizacjami, kt\u00f3re dzia\u0142aj\u0105 w celu ochrony konsument\u00f3w. Rzecznik [&hellip;]<\/p>\n","protected":false},"author":4,"featured_media":1220,"comment_status":"closed","ping_status":"closed","sticky":false,"template":"","format":"standard","meta":{"_acf_changed":false,"inline_featured_image":false,"footnotes":"","_links_to":"","_links_to_target":""},"categories":[49,2],"tags":[],"class_list":["post-1219","post","type-post","status-publish","format-standard","has-post-thumbnail","hentry","category-aktualnosci","category-uncategorized"],"acf":[],"_links":{"self":[{"href":"https:\/\/rf.gov.pl\/akademia\/wp-json\/wp\/v2\/posts\/1219","targetHints":{"allow":["GET"]}}],"collection":[{"href":"https:\/\/rf.gov.pl\/akademia\/wp-json\/wp\/v2\/posts"}],"about":[{"href":"https:\/\/rf.gov.pl\/akademia\/wp-json\/wp\/v2\/types\/post"}],"author":[{"embeddable":true,"href":"https:\/\/rf.gov.pl\/akademia\/wp-json\/wp\/v2\/users\/4"}],"replies":[{"embeddable":true,"href":"https:\/\/rf.gov.pl\/akademia\/wp-json\/wp\/v2\/comments?post=1219"}],"version-history":[{"count":0,"href":"https:\/\/rf.gov.pl\/akademia\/wp-json\/wp\/v2\/posts\/1219\/revisions"}],"wp:featuredmedia":[{"embeddable":true,"href":"https:\/\/rf.gov.pl\/akademia\/wp-json\/wp\/v2\/media\/1220"}],"wp:attachment":[{"href":"https:\/\/rf.gov.pl\/akademia\/wp-json\/wp\/v2\/media?parent=1219"}],"wp:term":[{"taxonomy":"category","embeddable":true,"href":"https:\/\/rf.gov.pl\/akademia\/wp-json\/wp\/v2\/categories?post=1219"},{"taxonomy":"post_tag","embeddable":true,"href":"https:\/\/rf.gov.pl\/akademia\/wp-json\/wp\/v2\/tags?post=1219"}],"curies":[{"name":"wp","href":"https:\/\/api.w.org\/{rel}","templated":true}]}}