   {"id":1356,"date":"2024-09-09T10:07:53","date_gmt":"2024-09-09T08:07:53","guid":{"rendered":"https:\/\/rf.gov.pl\/akademia\/?p=1356"},"modified":"2024-09-10T12:18:59","modified_gmt":"2024-09-10T10:18:59","slug":"zakonczenie-trzeciej-edycji-akademii-rzecznika-finansowego","status":"publish","type":"post","link":"https:\/\/rf.gov.pl\/akademia\/zakonczenie-trzeciej-edycji-akademii-rzecznika-finansowego\/","title":{"rendered":"Zako\u0144czenie trzeciej edycji Akademii Rzecznika Finansowego"},"content":{"rendered":"\n<p>W dniu 30 sierpnia 2024 r. zako\u0144czyli\u015bmy trzeci\u0105 edycj\u0119 Akademii Rzecznika Finansowego, intensywnego programu praktyk studenckich w Biurze Rzecznika Finansowego. W tym roku Akademia odby\u0142a si\u0119 w dw\u00f3ch ods\u0142onach: lipcowej i sierpniowej. Przez ostatnie dwa miesi\u0105ce studenci i studentki z wielu uczelni w Polsce mieli okazj\u0119 pog\u0142\u0119bia\u0107 swoj\u0105 wiedz\u0119 na temat przepis\u00f3w prawa zwi\u0105zanych z ochron\u0105 klient\u00f3w instytucji finansowych czy funkcjonowania rynku bankowego i ubezpieczeniowego, a tak\u017ce naby\u0107 wiele praktycznych umiej\u0119tno\u015bci zwi\u0105zanych ze stosowaniem prawa.<\/p>\n\n\n\n<p>Program tegorocznej Akademii obejmowa\u0142 trzy bloki tematyczne. Pierwszy z nich stanowi\u0142y warsztaty wprowadzaj\u0105ce, organizowane przez pracownik\u00f3w Departamentu Edukacji i Komunikacji oraz Departamentu Analiz i Legislacji, podczas kt\u00f3rych om\u00f3wiono struktur\u0119 Biura Rzecznika Finansowego, obszary jego dzia\u0142alno\u015bci oraz wyzwania wynikaj\u0105ce z dynamicznego rozwoju technologii.<\/p>\n\n\n\n<p>Drugi blok po\u015bwi\u0119cony by\u0142 warsztatom eksperckim prowadzonym przez cz\u0142onk\u00f3w Doradczego Komitetu Naukowego Rzecznika Finansowego, podczas kt\u00f3rych uczestnicy mogli zapozna\u0107 si\u0119 m.in. z problematyk\u0105 post\u0119powa\u0144 cywilnych z udzia\u0142em konsument\u00f3w, zasadami zawierania um\u00f3w ubezpieczeniowych, a tak\u017ce funkcjonowaniem rynku kryptowalut oraz rynku kredytowego. Poza wyk\u0142adowcami reprezentuj\u0105cymi Doradczy Komitet Naukowy, cz\u0119\u015b\u0107 zaj\u0119\u0107 przygotowana zosta\u0142a we wsp\u00f3\u0142pracy z ekspertami-praktykami z Fintech Poland oraz Naczelnej Rady Adwokackiej.<\/p>\n\n\n\n<p>W trzecim bloku, praktycznym, uczestnicy pod opiek\u0105 pracownik\u00f3w Departamentu Klienta Rynku Bankowego i&nbsp;Kapita\u0142owego, Departamentu Klienta Rynku Ubezpieczeniowo-Emerytalnego oraz&nbsp;Departamentu Pozas\u0105dowego Rozwi\u0105zywania Spor\u00f3w,&nbsp;mieli mo\u017cliwo\u015b\u0107 pracy nad sprawami wp\u0142ywaj\u0105cymi do Biura, a tak\u017ce brali udzia\u0142 w symulacjach mediacji. Ponadto, uczestnicy Akademii Rzecznika Finansowego mieli tak\u017ce okazj\u0119 zapozna\u0107 si\u0119 z funkcjonowaniem Departamentu Post\u0119powa\u0144 Sankcyjnych, dzi\u0119ki czemu rozwin\u0119li swoj\u0105 wiedz\u0119 z zakresu post\u0119powania administracyjnego.<\/p>\n\n\n\n<p>W\u00a0uroczysto\u015bci zako\u0144czenia obu ods\u0142on tegorocznej Akademii Rzecznika Finansowego wzi\u0105\u0142 udzia\u0142 Zast\u0119pca Rzecznika Finansowego, Ziemowit Bag\u0142ajewski, kt\u00f3ry\u00a0wr\u0119czy\u0142 ka\u017cdej osobie uczestnicz\u0105cej w\u00a0praktykach certyfikat uko\u0144czenia Akademii. Uczestniczy\u0142a r\u00f3wnie\u017c\u00a0Przewodnicz\u0105ca Doradczego Komitetu Naukowego przy Rzeczniku Finansowym &#8211; dr\u00a0hab. Edyta Rutkowska-Tomaszewska, prof.\u00a0Uniwersytetu Wroc\u0142awskiego.<\/p>\n\n\n\n<figure class=\"wp-block-image size-large\"><img decoding=\"async\" src=\"https:\/\/rf.gov.pl\/wp-content\/uploads\/2024\/09\/10-1024x681.jpg\" alt=\"\" class=\"wp-image-17103\"\/><\/figure>\n\n\n\n<figure class=\"wp-block-image size-large\"><img decoding=\"async\" src=\"https:\/\/rf.gov.pl\/wp-content\/uploads\/2024\/09\/5-1024x681.jpg\" alt=\"\" class=\"wp-image-17106\"\/><\/figure>\n\n\n\n<figure class=\"wp-block-image size-large\"><img decoding=\"async\" src=\"https:\/\/rf.gov.pl\/wp-content\/uploads\/2024\/09\/6-1024x681.jpg\" alt=\"\" class=\"wp-image-17109\"\/><\/figure>\n\n\n\n<figure class=\"wp-block-image size-large\"><img decoding=\"async\" src=\"https:\/\/rf.gov.pl\/wp-content\/uploads\/2024\/09\/9-1024x681.jpg\" alt=\"\" class=\"wp-image-17112\"\/><\/figure>\n\n\n\n<figure class=\"wp-block-image size-large\"><img decoding=\"async\" src=\"https:\/\/rf.gov.pl\/wp-content\/uploads\/2024\/09\/7-1024x656.jpg\" alt=\"\" class=\"wp-image-17115\"\/><\/figure>\n\n\n\n<figure class=\"wp-block-image size-large\"><img decoding=\"async\" src=\"https:\/\/rf.gov.pl\/wp-content\/uploads\/2024\/09\/4-1024x681.jpg\" alt=\"\" class=\"wp-image-17118\"\/><\/figure>\n\n\n\n<figure class=\"wp-block-image size-large\"><img decoding=\"async\" src=\"https:\/\/rf.gov.pl\/wp-content\/uploads\/2024\/09\/3-1024x681.jpg\" alt=\"\" class=\"wp-image-17121\"\/><\/figure>\n\n\n\n<figure class=\"wp-block-image size-large\"><img decoding=\"async\" src=\"https:\/\/rf.gov.pl\/wp-content\/uploads\/2024\/09\/2-1024x681.jpg\" alt=\"\" class=\"wp-image-17124\"\/><\/figure>\n\n\n\n<figure class=\"wp-block-image size-large\"><img decoding=\"async\" src=\"https:\/\/rf.gov.pl\/wp-content\/uploads\/2024\/09\/1-1024x681.jpg\" alt=\"\" class=\"wp-image-17127\"\/><\/figure>\n\n\n\n<figure class=\"wp-block-image size-large\"><img decoding=\"async\" src=\"https:\/\/rf.gov.pl\/wp-content\/uploads\/2024\/09\/11-1-1024x712.jpg\" alt=\"\" class=\"wp-image-17134\"\/><\/figure>\n","protected":false},"excerpt":{"rendered":"<p>W dniu 30 sierpnia 2024 r. zako\u0144czyli\u015bmy trzeci\u0105 edycj\u0119 Akademii Rzecznika Finansowego, intensywnego programu praktyk studenckich w Biurze Rzecznika Finansowego. W tym roku Akademia odby\u0142a si\u0119 w dw\u00f3ch ods\u0142onach: lipcowej i sierpniowej. Przez ostatnie dwa miesi\u0105ce studenci i studentki z wielu uczelni w Polsce mieli okazj\u0119 pog\u0142\u0119bia\u0107 swoj\u0105 wiedz\u0119 na temat przepis\u00f3w prawa zwi\u0105zanych z [&hellip;]<\/p>\n","protected":false},"author":2,"featured_media":1360,"comment_status":"closed","ping_status":"closed","sticky":false,"template":"","format":"standard","meta":{"_acf_changed":false,"inline_featured_image":false,"footnotes":"","_links_to":"","_links_to_target":""},"categories":[49],"tags":[46],"class_list":["post-1356","post","type-post","status-publish","format-standard","has-post-thumbnail","hentry","category-aktualnosci","tag-edukacja"],"acf":[],"_links":{"self":[{"href":"https:\/\/rf.gov.pl\/akademia\/wp-json\/wp\/v2\/posts\/1356","targetHints":{"allow":["GET"]}}],"collection":[{"href":"https:\/\/rf.gov.pl\/akademia\/wp-json\/wp\/v2\/posts"}],"about":[{"href":"https:\/\/rf.gov.pl\/akademia\/wp-json\/wp\/v2\/types\/post"}],"author":[{"embeddable":true,"href":"https:\/\/rf.gov.pl\/akademia\/wp-json\/wp\/v2\/users\/2"}],"replies":[{"embeddable":true,"href":"https:\/\/rf.gov.pl\/akademia\/wp-json\/wp\/v2\/comments?post=1356"}],"version-history":[{"count":2,"href":"https:\/\/rf.gov.pl\/akademia\/wp-json\/wp\/v2\/posts\/1356\/revisions"}],"predecessor-version":[{"id":1369,"href":"https:\/\/rf.gov.pl\/akademia\/wp-json\/wp\/v2\/posts\/1356\/revisions\/1369"}],"wp:featuredmedia":[{"embeddable":true,"href":"https:\/\/rf.gov.pl\/akademia\/wp-json\/wp\/v2\/media\/1360"}],"wp:attachment":[{"href":"https:\/\/rf.gov.pl\/akademia\/wp-json\/wp\/v2\/media?parent=1356"}],"wp:term":[{"taxonomy":"category","embeddable":true,"href":"https:\/\/rf.gov.pl\/akademia\/wp-json\/wp\/v2\/categories?post=1356"},{"taxonomy":"post_tag","embeddable":true,"href":"https:\/\/rf.gov.pl\/akademia\/wp-json\/wp\/v2\/tags?post=1356"}],"curies":[{"name":"wp","href":"https:\/\/api.w.org\/{rel}","templated":true}]}}