   {"id":1510,"date":"2024-11-26T10:19:00","date_gmt":"2024-11-26T09:19:00","guid":{"rendered":"https:\/\/rf.gov.pl\/akademia\/dni-rzecznika-finansowego-na-uniwersytecie-ekonomicznym-w-poznaniu\/"},"modified":"2024-11-26T10:19:00","modified_gmt":"2024-11-26T09:19:00","slug":"dni-rzecznika-finansowego-na-uniwersytecie-ekonomicznym-w-poznaniu","status":"publish","type":"post","link":"https:\/\/rf.gov.pl\/akademia\/dni-rzecznika-finansowego-na-uniwersytecie-ekonomicznym-w-poznaniu\/","title":{"rendered":"Dni Rzecznika Finansowego na Uniwersytecie Ekonomicznym w Poznaniu"},"content":{"rendered":"\n<p>W dniu 18 listopada na Uniwersytecie Ekonomicznym w Poznaniu odby\u0142o si\u0119 kolejne wydarzenie z cyklu Dni Rzecznika Finansowego, organizowanych w ramach Roku Edukacji Ekonomicznej. Dzie\u0144 Rzecznika Finansowego otworzy\u0142 prof. Krzysztof Waliszewski, cz\u0142onek Doradczego Komitetu Naukowego przy Rzeczniku Finansowym, podkre\u015blaj\u0105c znaczenie edukacji finansowej i \u015bwiadomo\u015bci praw konsument\u00f3w w dzisiejszym \u015bwiecie.<\/p>\n\n\n\n<p>W ramach wydarzenia zorganizowano spotkania skierowane do r\u00f3\u017cnych grup odbiorc\u00f3w. Podczas pierwszego panelu, studenci mieli okazj\u0119 zapozna\u0107 si\u0119 z tematyk\u0105 ubezpiecze\u0144 turystycznych. Prelekcj\u0119 poprowadzi\u0142a dr Marta Karpi\u0144ska-Bielec z Departamentu Analiz i Legislacji, kt\u00f3ra przedstawi\u0142a zebranych wiele praktycznych porad dotycz\u0105cych tego rodzaju ubezpiecze\u0144.<\/p>\n\n\n\n<p>W czasie drugiej prelekcji , kt\u00f3ra zosta\u0142a poprowadzona przez Miko\u0142aja Soko\u0142owskiego i Ad\u0119 Jurczak-\u0141owkis (Departament Edukacji i Komunikacji), pracownicy i emerytowani pracownicy uczelni mieli okazj\u0119 dowiedzie\u0107 si\u0119 o dzia\u0142alno\u015bci Rzecznika Finansowego i pozna\u0107 podstawowe formy pomocy, kt\u00f3re zapewnia Biuro Rzecznika Finansowego.<\/p>\n\n\n\n<p>Trzeci punkt programu adresowany by\u0142 do rodzic\u00f3w dzieci uczestnicz\u0105cych w Uniwersytecie Dzieci\u0119cym. W ramach wyk\u0142adu om\u00f3wiono rol\u0119 Rzecznika Finansowego jako organu pomocy konsumentom a tak\u017ce przedstawiono prezentacj\u0119 dotycz\u0105c\u0105 dost\u0119pno\u015bci us\u0142ug bankowych.<\/p>\n\n\n\n<p>Dzie\u0144 Rzecznika Finansowego na Uniwersytetcie Ekonomicznym w Poznaniu spotka\u0142 si\u0119 z du\u017cym zainteresowaniem i stanowi\u0142y warto\u015bciow\u0105 platform\u0119 wymiany wiedzy oraz do\u015bwiadcze\u0144. Po wszystkich wyst\u0105pieniach odby\u0142a si\u0119 \u017cywa dyskusja z udzia\u0142em zgromadzonych licznie r\u00f3\u017cnych grup s\u0142uchaczy.<\/p>\n\n\n\n<figure class=\"wp-block-image size-large\"><img decoding=\"async\" src=\"https:\/\/rf.gov.pl\/wp-content\/uploads\/2024\/11\/Poznan-1-1024x682.jpg\" alt=\"\" class=\"wp-image-18263\"\/><\/figure>\n\n\n\n<figure class=\"wp-block-image size-large\"><img decoding=\"async\" src=\"https:\/\/rf.gov.pl\/wp-content\/uploads\/2024\/11\/Poznan-2-1024x682.jpg\" alt=\"\" class=\"wp-image-18266\"\/><\/figure>\n\n\n\n<figure class=\"wp-block-image size-large\"><img decoding=\"async\" src=\"https:\/\/rf.gov.pl\/wp-content\/uploads\/2024\/11\/Poznan-4-1024x682.jpg\" alt=\"\" class=\"wp-image-18269\"\/><\/figure>\n\n\n\n<figure class=\"wp-block-image size-large\"><img decoding=\"async\" src=\"https:\/\/rf.gov.pl\/wp-content\/uploads\/2024\/11\/Poznan-6-682x1024.jpg\" alt=\"\" class=\"wp-image-18272\"\/><\/figure>\n","protected":false},"excerpt":{"rendered":"<p>W dniu 18 listopada na Uniwersytecie Ekonomicznym w Poznaniu odby\u0142o si\u0119 kolejne wydarzenie z cyklu Dni Rzecznika Finansowego, organizowanych w ramach Roku Edukacji Ekonomicznej. Dzie\u0144 Rzecznika Finansowego otworzy\u0142 prof. Krzysztof Waliszewski, cz\u0142onek Doradczego Komitetu Naukowego przy Rzeczniku Finansowym, podkre\u015blaj\u0105c znaczenie edukacji finansowej i \u015bwiadomo\u015bci praw konsument\u00f3w w dzisiejszym \u015bwiecie. W ramach wydarzenia zorganizowano spotkania skierowane [&hellip;]<\/p>\n","protected":false},"author":2,"featured_media":1511,"comment_status":"closed","ping_status":"closed","sticky":false,"template":"","format":"standard","meta":{"_acf_changed":false,"inline_featured_image":false,"footnotes":"","_links_to":"","_links_to_target":""},"categories":[1],"tags":[],"class_list":["post-1510","post","type-post","status-publish","format-standard","has-post-thumbnail","hentry","category-bez-kategorii"],"acf":[],"_links":{"self":[{"href":"https:\/\/rf.gov.pl\/akademia\/wp-json\/wp\/v2\/posts\/1510","targetHints":{"allow":["GET"]}}],"collection":[{"href":"https:\/\/rf.gov.pl\/akademia\/wp-json\/wp\/v2\/posts"}],"about":[{"href":"https:\/\/rf.gov.pl\/akademia\/wp-json\/wp\/v2\/types\/post"}],"author":[{"embeddable":true,"href":"https:\/\/rf.gov.pl\/akademia\/wp-json\/wp\/v2\/users\/2"}],"replies":[{"embeddable":true,"href":"https:\/\/rf.gov.pl\/akademia\/wp-json\/wp\/v2\/comments?post=1510"}],"version-history":[{"count":0,"href":"https:\/\/rf.gov.pl\/akademia\/wp-json\/wp\/v2\/posts\/1510\/revisions"}],"wp:featuredmedia":[{"embeddable":true,"href":"https:\/\/rf.gov.pl\/akademia\/wp-json\/wp\/v2\/media\/1511"}],"wp:attachment":[{"href":"https:\/\/rf.gov.pl\/akademia\/wp-json\/wp\/v2\/media?parent=1510"}],"wp:term":[{"taxonomy":"category","embeddable":true,"href":"https:\/\/rf.gov.pl\/akademia\/wp-json\/wp\/v2\/categories?post=1510"},{"taxonomy":"post_tag","embeddable":true,"href":"https:\/\/rf.gov.pl\/akademia\/wp-json\/wp\/v2\/tags?post=1510"}],"curies":[{"name":"wp","href":"https:\/\/api.w.org\/{rel}","templated":true}]}}