   {"id":1514,"date":"2024-11-22T14:59:02","date_gmt":"2024-11-22T13:59:02","guid":{"rendered":"https:\/\/rf.gov.pl\/akademia\/dni-rzecznika-finansowego-w-zespole-szkol-ogolnoksztalcacych-im-ignacego-jana-paderewskiego-w-lasku\/"},"modified":"2024-11-22T14:59:02","modified_gmt":"2024-11-22T13:59:02","slug":"dni-rzecznika-finansowego-w-zespole-szkol-ogolnoksztalcacych-im-ignacego-jana-paderewskiego-w-lasku","status":"publish","type":"post","link":"https:\/\/rf.gov.pl\/akademia\/dni-rzecznika-finansowego-w-zespole-szkol-ogolnoksztalcacych-im-ignacego-jana-paderewskiego-w-lasku\/","title":{"rendered":"Dni Rzecznika Finansowego w Zespole Szk\u00f3\u0142 Og\u00f3lnokszta\u0142c\u0105cych im. Ignacego Jana Paderewskiego w \u0141asku"},"content":{"rendered":"\n<p>19 listopada w Zespole Szk\u00f3\u0142 Og\u00f3lnokszta\u0142c\u0105cych im. Ignacego Jana Paderewskiego w \u0141asku \u2013 Kolumnie odby\u0142o si\u0119 spotkanie z pracownikami Biura Rzecznika Finansowego, organizowane w ramach Dni Rzecznika Finansowego. Dzi\u0119ki uprzejmo\u015bci p. dyrektor Agnieszki Wolskiej, a tak\u017ce przy wsp\u00f3\u0142pracy ze Stowarzyszeniem Nasza Kolumna reprezentowanym przez prof. Les\u0142awa G\u00f3rala \u2013 cz\u0142onka Doradczego Komitetu Naukowego przy Rzeczniku Finansowym, pracownicy Departamentu Edukacji i Komunikacji: Mateusz Krzak, Maciej Pr\u00f3chnicki oraz Bartosz Taperek przedstawili uczniom instytucj\u0119 Rzecznika Finansowego oraz formy pomocy klientom rynku finansowego, kt\u00f3re zapewnia Biuro Rzecznika Finansowego. Ponadto, zaprezentowane zosta\u0142y dzia\u0142ania edukacyjne podejmowane przez Biuro Rzecznika Finansowego.<\/p>\n\n\n\n<figure class=\"wp-block-image size-large\"><img decoding=\"async\" src=\"https:\/\/rf.gov.pl\/wp-content\/uploads\/2024\/11\/5b-1-1024x681.jpg\" alt=\"\" class=\"wp-image-18238\"\/><\/figure>\n\n\n\n<figure class=\"wp-block-image size-large\"><img decoding=\"async\" src=\"https:\/\/rf.gov.pl\/wp-content\/uploads\/2024\/11\/6b-1024x681.jpg\" alt=\"\" class=\"wp-image-18235\"\/><\/figure>\n\n\n\n<figure class=\"wp-block-image size-large\"><img decoding=\"async\" src=\"https:\/\/rf.gov.pl\/wp-content\/uploads\/2024\/11\/4b-1-1024x681.jpg\" alt=\"\" class=\"wp-image-18241\"\/><\/figure>\n","protected":false},"excerpt":{"rendered":"<p>19 listopada w Zespole Szk\u00f3\u0142 Og\u00f3lnokszta\u0142c\u0105cych im. Ignacego Jana Paderewskiego w \u0141asku \u2013 Kolumnie odby\u0142o si\u0119 spotkanie z pracownikami Biura Rzecznika Finansowego, organizowane w ramach Dni Rzecznika Finansowego. Dzi\u0119ki uprzejmo\u015bci p. dyrektor Agnieszki Wolskiej, a tak\u017ce przy wsp\u00f3\u0142pracy ze Stowarzyszeniem Nasza Kolumna reprezentowanym przez prof. Les\u0142awa G\u00f3rala \u2013 cz\u0142onka Doradczego Komitetu Naukowego przy Rzeczniku Finansowym, [&hellip;]<\/p>\n","protected":false},"author":2,"featured_media":1515,"comment_status":"closed","ping_status":"closed","sticky":false,"template":"","format":"standard","meta":{"_acf_changed":false,"inline_featured_image":false,"footnotes":"","_links_to":"","_links_to_target":""},"categories":[1],"tags":[],"class_list":["post-1514","post","type-post","status-publish","format-standard","has-post-thumbnail","hentry","category-bez-kategorii"],"acf":[],"_links":{"self":[{"href":"https:\/\/rf.gov.pl\/akademia\/wp-json\/wp\/v2\/posts\/1514","targetHints":{"allow":["GET"]}}],"collection":[{"href":"https:\/\/rf.gov.pl\/akademia\/wp-json\/wp\/v2\/posts"}],"about":[{"href":"https:\/\/rf.gov.pl\/akademia\/wp-json\/wp\/v2\/types\/post"}],"author":[{"embeddable":true,"href":"https:\/\/rf.gov.pl\/akademia\/wp-json\/wp\/v2\/users\/2"}],"replies":[{"embeddable":true,"href":"https:\/\/rf.gov.pl\/akademia\/wp-json\/wp\/v2\/comments?post=1514"}],"version-history":[{"count":0,"href":"https:\/\/rf.gov.pl\/akademia\/wp-json\/wp\/v2\/posts\/1514\/revisions"}],"wp:featuredmedia":[{"embeddable":true,"href":"https:\/\/rf.gov.pl\/akademia\/wp-json\/wp\/v2\/media\/1515"}],"wp:attachment":[{"href":"https:\/\/rf.gov.pl\/akademia\/wp-json\/wp\/v2\/media?parent=1514"}],"wp:term":[{"taxonomy":"category","embeddable":true,"href":"https:\/\/rf.gov.pl\/akademia\/wp-json\/wp\/v2\/categories?post=1514"},{"taxonomy":"post_tag","embeddable":true,"href":"https:\/\/rf.gov.pl\/akademia\/wp-json\/wp\/v2\/tags?post=1514"}],"curies":[{"name":"wp","href":"https:\/\/api.w.org\/{rel}","templated":true}]}}