   {"id":1518,"date":"2024-11-22T14:54:34","date_gmt":"2024-11-22T13:54:34","guid":{"rendered":"https:\/\/rf.gov.pl\/akademia\/dzien-rzecznika-finansowego-na-uniwersytecie-lodzkim\/"},"modified":"2024-11-22T14:54:34","modified_gmt":"2024-11-22T13:54:34","slug":"dzien-rzecznika-finansowego-na-uniwersytecie-lodzkim","status":"publish","type":"post","link":"https:\/\/rf.gov.pl\/akademia\/dzien-rzecznika-finansowego-na-uniwersytecie-lodzkim\/","title":{"rendered":"Dzie\u0144 Rzecznika Finansowego na Uniwersytecie \u0141\u00f3dzkim"},"content":{"rendered":"\n<p>Kolejne spotkanie z cyklu Dni Rzecznika Finansowego odby\u0142o si\u0119 20 listopada na Wydziale Ekonomiczno-Socjologicznym Uniwersytetu \u0141\u00f3dzkiego. Wydarzenie otworzy\u0142a dyr. Instytutu Finans\u00f3w prof. Anna Szyma\u0144ska wraz z dziekanem wydzia\u0142u prof. Mariuszem Soko\u0142owiczem, a ca\u0142o\u015b\u0107 Dnia Rzecznika Finansowego na Uniwersytecie \u0141\u00f3dzkim koordynowali cz\u0142onkowie Doradczego Komitetu Naukowego przy Rzeczniku Finansowym: prof. Iwona Czechowska wraz z prof. Jerzym Gajdk\u0105. Podczas pierwszego panelu Mateusz Krzak, Maciej Pr\u00f3chnicki i Bartosz Taperek (Departament Edukacji i Komunikacji) przedstawili zebranym \u2013 licznie zgromadzonym studentom (ok. 200 os\u00f3b), pracownikom i go\u015bciom uczelni \u2013 instytucj\u0119 Rzecznika Finansowego oraz formy pomocy klientom rynku finansowego, kt\u00f3re zapewnia Biuro Rzecznika Finansowego. W dalszej cz\u0119\u015bci spotkania, dyrektor Departamentu Klienta Bankowego i Kapita\u0142owego r.pr. Dawid Rapkiewicz zaprezentowa\u0142 regulacje prawne dotycz\u0105ce nieautoryzowanych transakcji p\u0142atniczych, ilustruj\u0105c swoj\u0105 prezentacj\u0119 praktycznymi kazusami oraz wskaz\u00f3wkami, jak nie da\u0107 si\u0119 oszuka\u0107. W panelu drugim, pracownicy Rzecznika Finansowego mieli okazj\u0119 podzieli\u0107 si\u0119 swoj\u0105 wiedz\u0105 ze s\u0142uchaczami Akademii Seniora Activus. Dr Andrzej Stopczy\u0144ski (Departament Analiz i Legislacji) przedstawi\u0142 uczestnikom prezentacj\u0119 pt. \u201eWyzwania i problemy wsp\u00f3\u0142czesnej bankowo\u015bci\u201d, w przyst\u0119pny spos\u00f3b t\u0142umacz\u0105c zawi\u0142o\u015bci systemu bankowego. Po wyst\u0105pieniach odby\u0142a si\u0119 \u017cywa dyskusja z udzia\u0142em zgromadzonych licznie s\u0142uchaczy.<\/p>\n\n\n\n<figure class=\"wp-block-image size-large\"><img decoding=\"async\" src=\"https:\/\/rf.gov.pl\/wp-content\/uploads\/2024\/11\/4-1-2-1024x682.jpg\" alt=\"\" class=\"wp-image-18218\"\/><\/figure>\n\n\n\n<figure class=\"wp-block-image size-large\"><img decoding=\"async\" src=\"https:\/\/rf.gov.pl\/wp-content\/uploads\/2024\/11\/3-1-1-1024x681.jpg\" alt=\"\" class=\"wp-image-18221\"\/><\/figure>\n\n\n\n<figure class=\"wp-block-image size-large\"><img decoding=\"async\" src=\"https:\/\/rf.gov.pl\/wp-content\/uploads\/2024\/11\/2-1-1-1024x681.jpg\" alt=\"\" class=\"wp-image-18224\"\/><\/figure>\n","protected":false},"excerpt":{"rendered":"<p>Kolejne spotkanie z cyklu Dni Rzecznika Finansowego odby\u0142o si\u0119 20 listopada na Wydziale Ekonomiczno-Socjologicznym Uniwersytetu \u0141\u00f3dzkiego. Wydarzenie otworzy\u0142a dyr. Instytutu Finans\u00f3w prof. Anna Szyma\u0144ska wraz z dziekanem wydzia\u0142u prof. Mariuszem Soko\u0142owiczem, a ca\u0142o\u015b\u0107 Dnia Rzecznika Finansowego na Uniwersytecie \u0141\u00f3dzkim koordynowali cz\u0142onkowie Doradczego Komitetu Naukowego przy Rzeczniku Finansowym: prof. Iwona Czechowska wraz z prof. Jerzym Gajdk\u0105. [&hellip;]<\/p>\n","protected":false},"author":2,"featured_media":1519,"comment_status":"closed","ping_status":"closed","sticky":false,"template":"","format":"standard","meta":{"_acf_changed":false,"inline_featured_image":false,"footnotes":"","_links_to":"","_links_to_target":""},"categories":[1],"tags":[],"class_list":["post-1518","post","type-post","status-publish","format-standard","has-post-thumbnail","hentry","category-bez-kategorii"],"acf":[],"_links":{"self":[{"href":"https:\/\/rf.gov.pl\/akademia\/wp-json\/wp\/v2\/posts\/1518","targetHints":{"allow":["GET"]}}],"collection":[{"href":"https:\/\/rf.gov.pl\/akademia\/wp-json\/wp\/v2\/posts"}],"about":[{"href":"https:\/\/rf.gov.pl\/akademia\/wp-json\/wp\/v2\/types\/post"}],"author":[{"embeddable":true,"href":"https:\/\/rf.gov.pl\/akademia\/wp-json\/wp\/v2\/users\/2"}],"replies":[{"embeddable":true,"href":"https:\/\/rf.gov.pl\/akademia\/wp-json\/wp\/v2\/comments?post=1518"}],"version-history":[{"count":0,"href":"https:\/\/rf.gov.pl\/akademia\/wp-json\/wp\/v2\/posts\/1518\/revisions"}],"wp:featuredmedia":[{"embeddable":true,"href":"https:\/\/rf.gov.pl\/akademia\/wp-json\/wp\/v2\/media\/1519"}],"wp:attachment":[{"href":"https:\/\/rf.gov.pl\/akademia\/wp-json\/wp\/v2\/media?parent=1518"}],"wp:term":[{"taxonomy":"category","embeddable":true,"href":"https:\/\/rf.gov.pl\/akademia\/wp-json\/wp\/v2\/categories?post=1518"},{"taxonomy":"post_tag","embeddable":true,"href":"https:\/\/rf.gov.pl\/akademia\/wp-json\/wp\/v2\/tags?post=1518"}],"curies":[{"name":"wp","href":"https:\/\/api.w.org\/{rel}","templated":true}]}}