   {"id":1628,"date":"2024-12-20T14:53:55","date_gmt":"2024-12-20T13:53:55","guid":{"rendered":"https:\/\/rf.gov.pl\/akademia\/?p=1628"},"modified":"2024-12-23T15:05:40","modified_gmt":"2024-12-23T14:05:40","slug":"podsumowanie-konferencji-rynek-konsumenckich-uslug-kredytowych-w-polsce","status":"publish","type":"post","link":"https:\/\/rf.gov.pl\/akademia\/podsumowanie-konferencji-rynek-konsumenckich-uslug-kredytowych-w-polsce\/","title":{"rendered":"Podsumowanie konferencji \u201eRynek konsumenckich us\u0142ug kredytowych w\u00a0Polsce\u201d"},"content":{"rendered":"\n<p>W&nbsp;dniach 12-13 grudnia 2024&nbsp;r. odby\u0142a si\u0119 konferencja Rzecznika Finansowego i&nbsp;Doradczego Komitetu Naukowego pn.&nbsp;\u201eRynek konsumenckich us\u0142ug kredytowych w&nbsp;Polsce: prawo \u2013 praktyka \u2013 problemy \u2013 potrzeby \u2013 wyzwania\u201d. Wydarzenie zgromadzi\u0142o przedstawicieli \u015bwiata akademickiego, instytucji publicznych, organizacji konsumenckich i&nbsp;sektora bankowego, umo\u017cliwiaj\u0105c dialog na&nbsp;temat wyzwa\u0144 regulacyjnych rynku kredytowego.<\/p>\n\n\n\n<p>W&nbsp;pierwszym panelu eksperckim g\u0142os w&nbsp;sprawie kredyt\u00f3w konsumenckich zabrali badacze z&nbsp;Doradczego Komitetu Naukowego przy Rzeczniku Finansowym. Prof.&nbsp;Jerzy Pisuli\u0144ski om\u00f3wi\u0142 zmiany w&nbsp;dyrektywach unijnych, a&nbsp;prof.&nbsp;Krzysztof Waliszewski przeanalizowa\u0142 dzia\u0142alno\u015b\u0107 niebankowych podmiot\u00f3w kredytowych. Prof.&nbsp;Les\u0142aw G\u00f3ral przedstawi\u0142 francuski model przeciwdzia\u0142ania nadmiernemu zad\u0142u\u017ceniu. Natomiast prof.&nbsp;Dorota Ma\u015bniak skupi\u0142a si\u0119 na&nbsp;<em>bancassurance<\/em>&nbsp;i&nbsp;ochronie kredytobiorc\u00f3w, a&nbsp;prof.&nbsp;Mariusz Fras om\u00f3wi\u0142 orzecznictwo dotycz\u0105ce ubezpiecze\u0144 kredytowych.<\/p>\n\n\n\n<p>Drugi panel obejmowa\u0142 wyst\u0105pienia m\u0142odych naukowc\u00f3w. Dr&nbsp;Magdalena Paleczna-Sare\u0144cza analizowa\u0142a ryzyko braku zgodno\u015bci bank\u00f3w. Dr&nbsp;Jaros\u0142aw Olejarz om\u00f3wi\u0142 zdolno\u015b\u0107 kredytow\u0105, a&nbsp;dr&nbsp;Wanesa Choptiany por\u00f3wna\u0142a systemy ochrony konsument\u00f3w w&nbsp;USA, UE i&nbsp;Polsce. Dr&nbsp;Marta Paduszy\u0144ska zwr\u00f3ci\u0142a uwag\u0119 na&nbsp;potrzeb\u0119 lepszej informacji kredytowej, a&nbsp;dr&nbsp;Dawid Rogozi\u0144ski zbada\u0142 wsp\u00f3\u0142prac\u0119 bank\u00f3w z&nbsp;ubezpieczycielami.<\/p>\n\n\n\n<p>Drugi dzie\u0144 konferencji rozpocz\u0105\u0142 si\u0119 od&nbsp;wyst\u0105pienia wprowadzaj\u0105cego, kt\u00f3re wyg\u0142osi\u0142a dr&nbsp;hab. Edyta Rutkowska-Tomaszewska, prof.&nbsp;UWr, przewodnicz\u0105ca Doradczego Komitetu Naukowego, a&nbsp;nast\u0119pnie odby\u0142y si\u0119 dyskusje w&nbsp;ramach pierwszego panelu, moderowanego przez&nbsp;prof.&nbsp;Agnieszk\u0119 Malarewicz-Jakub\u00f3w oraz&nbsp;prof.&nbsp;Wand\u0119 Su\u0142kowsk\u0105. Artur Zwali\u0144ski z&nbsp;UOKiK przedstawi\u0142 problem omijania koszt\u00f3w pozaodsetkowych i&nbsp;\u201erolowania kredytu\u201d. Ziemowit Bag\u0142ajewski, Zast\u0119pca Rzecznika Finansowego, wskaza\u0142 na&nbsp;wzrost spraw zwi\u0105zanych z&nbsp;sankcj\u0105 kredytu darmowego i&nbsp;potrzeb\u0119 mediacji dla odci\u0105\u017cenia s\u0105d\u00f3w. Aleksandra Janas, Prezes S\u0105du Apelacyjnego w&nbsp;Katowicach, podkre\u015bli\u0142a przewlek\u0142o\u015b\u0107 post\u0119powa\u0144 i&nbsp;konieczno\u015b\u0107 alternatywnych metod rozwi\u0105zywania spor\u00f3w. Emil Radziszewski z&nbsp;UKNF por\u00f3wna\u0142 kredyt hipoteczny do&nbsp;\u201eproduktu niebezpiecznego\u201d, a&nbsp;Beata Wojciechowska z&nbsp;Biura RPO om\u00f3wi\u0142a problemy wykluczonych obywateli z&nbsp;kredytami.<\/p>\n\n\n\n<p>Uczestnicy kolejnego panelu \u2013 Jolanta Potocka, Zast\u0119pca Arbitra Bankowego; prof.&nbsp;Aleksander Ch\u0142opecki, Prezes S\u0105du Polubownego przy Komisji Nadzoru Finansowego; Beata Broniewicz-Pasieka, Stowarzyszenie Komitet Obrony Kredytobiorc\u00f3w; \u0141ukasz Bia\u0142ach, Prezes Fundacji Ochrony Praw Kredytobiorc\u00f3w; Miko\u0142aj Lechman, Powiatowy Rzecznik Konsument\u00f3w w&nbsp;Krotoszynie oraz&nbsp;Agnieszka Nowakowska z&nbsp;Biura Miejskiego Rzecznika Konsument\u00f3w w&nbsp;Warszawie \u2013 przedstawili zakres dzia\u0142ania swoich instytucji oraz&nbsp;narz\u0119dzia ochrony praw konsument\u00f3w, podkre\u015blaj\u0105c znaczenie mediacji. Zwr\u00f3cono r\u00f3wnie\u017c uwag\u0119 na&nbsp;kluczow\u0105 rol\u0119 edukacji i&nbsp;kampanii informacyjnych w&nbsp;zwi\u0119kszaniu \u015bwiadomo\u015bci konsument\u00f3w, co&nbsp;skutkuje mniejsz\u0105 liczb\u0105 narusze\u0144 ich praw. Prelegenci ocenili obecny system ochrony konsument\u00f3w jako skuteczny, sprzeciwiaj\u0105c si\u0119 centralizacji z&nbsp;powodu jej biurokratycznego i&nbsp;kosztownego charakteru. W&nbsp;trakcie dyskusji poruszono problem braku jednolito\u015bci w&nbsp;orzecznictwie spraw frankowych oraz&nbsp;r\u00f3\u017cnic w&nbsp;zdolno\u015bci kredytowej w&nbsp;przypadku kredyt\u00f3w z\u0142otowych i&nbsp;denominowanych. Zg\u0142oszono tak\u017ce potrzeb\u0119 zach\u0119cenia bank\u00f3w do&nbsp;oferowania korzystnych warunk\u00f3w ugodowych. Panel moderowany by\u0142 przez&nbsp;prof.&nbsp;Monik\u0119 Szaraniec oraz&nbsp;prof.&nbsp;Tomasza Nieboraka.<\/p>\n\n\n\n<p>Nast\u0119pny panel, kt\u00f3ry&nbsp;porusza\u0142 kluczowe kwestie dotycz\u0105ce rynku konsumenckich us\u0142ug kredytowych, ze&nbsp;szczeg\u00f3lnym naciskiem na&nbsp;praktyczne aspekty jego funkcjonowania, skupi\u0142 przedstawicieli sektora finansowego i&nbsp;by\u0142 moderowany przez&nbsp;prof.&nbsp;Edyt\u0119 Rutkowsk\u0105-Tomaszewsk\u0105 oraz&nbsp;prof.&nbsp;Marcina Olszaka. Udzia\u0142 wzi\u0119li: Pawe\u0142 Zagaj ze&nbsp;Zwi\u0105zku Bank\u00f3w Polskich; Marcin Czugan, Prezes Zarz\u0105du Zwi\u0105zku Przedsi\u0119biorstw Finansowych w&nbsp;Polsce; Pawe\u0142 Grabowski z&nbsp;Fundacji Lendtech; Wojciech Bochenek, radca prawny oraz&nbsp;prof.&nbsp;Waldemar Rogowski z&nbsp;Biura Informacji Kredytowej. Dyskusja skupi\u0142a si\u0119 na&nbsp;wyzwaniach, takich jak sankcja kredytu darmowego i&nbsp;problemy systemowe wp\u0142ywaj\u0105ce na&nbsp;stabilno\u015b\u0107 rynku. Poruszono r\u00f3wnie\u017c temat nietypowych zachowa\u0144 konsument\u00f3w oraz&nbsp;rosn\u0105cej popularno\u015bci kredyt\u00f3w o&nbsp;sta\u0142ej stopie procentowej. W&nbsp;trakcie dyskusji om\u00f3wiono zalecenia maj\u0105ce na&nbsp;celu podniesienie \u015bwiadomo\u015bci finansowej i&nbsp;bezpiecze\u0144stwa konsument\u00f3w. Rekomendowano m.in.&nbsp;dok\u0142adn\u0105 analiz\u0119 warunk\u00f3w umowy kredytowej, uwzgl\u0119dnienie ryzyka zwi\u0105zanego z&nbsp;kredytami denominowanymi, d\u0142ugoterminowe planowanie finansowe oraz&nbsp;szczeg\u00f3\u0142ow\u0105 ocen\u0119 pe\u0142nych koszt\u00f3w kredytu przed&nbsp;podj\u0119ciem decyzji o&nbsp;zaci\u0105gni\u0119ciu zobowi\u0105zania.<\/p>\n\n\n\n<p>Panel ko\u0144cowy, w&nbsp;kt\u00f3rym&nbsp;udzia\u0142 wzi\u0119li dr&nbsp;hab. Edyta Rutkowska-Tomaszewska, prof.&nbsp;UWr (Uniwersytet Wroc\u0142awski, Doradczy Komitet Naukowy Rzecznika Finansowego); Pawe\u0142 Zagaj (Zwi\u0105zek Bank\u00f3w Polskich); Iwona Hulko, s\u0119dzia S\u0105du Rejonowego w&nbsp;Bia\u0142ymstoku oraz&nbsp;Dorota Karczewska, radca prawny, umo\u017cliwi\u0142 prelegentom przedstawienie ko\u0144cowych wniosk\u00f3w oraz&nbsp;podsumowanie konferencji. Podkre\u015blono kluczow\u0105 rol\u0119 ochrony konsument\u00f3w na&nbsp;rynku finansowym oraz&nbsp;konieczno\u015b\u0107 dzia\u0142a\u0144 regulacyjnych w&nbsp;tym obszarze. Przedstawiono tak\u017ce konkretne przyk\u0142ady niedozwolonych klauzul w&nbsp;umowach kredytowych. Om\u00f3wiono ryzyko zwi\u0105zane z&nbsp;dochodzeniem praw przez&nbsp;konsument\u00f3w w&nbsp;s\u0105dach i&nbsp;UOKiK, uwzgl\u0119dniaj\u0105c perspektyw\u0119 klient\u00f3w instytucji finansowych. Zwr\u00f3cono r\u00f3wnie\u017c uwag\u0119 na&nbsp;potrzeb\u0119 wsp\u00f3\u0142pracy mi\u0119dzy organami regulacyjnymi a&nbsp;sektorem bankowym, aby lepiej zrozumie\u0107 funkcjonowanie rynku finansowego z&nbsp;punktu widzenia konsumenta. Funkcj\u0119 moderator\u00f3w pe\u0142nili prof.&nbsp;Mariusz Fras oraz&nbsp;prof.&nbsp;Dariusz Fuchs.<\/p>\n\n\n\n<p>Obrady podsumowa\u0142 nast\u0119pnie Ziemowit Bag\u0142ajewski, Zast\u0119pca Rzecznika Finansowego, podkre\u015blaj\u0105c znaczenie dialogu mi\u0119dzy przedstawicielami wszystkich stron zaanga\u017cowanych w&nbsp;funkcjonowanie rynku kredyt\u00f3w konsumenckich.<\/p>\n\n\n\n<p>Konferencja by\u0142a transmitowana na&nbsp;\u017cywo, a&nbsp;zapis obrad dost\u0119pny jest na&nbsp;<a href=\"https:\/\/www.youtube.com\/@Rzecznik_Finansowy\" target=\"_blank\" rel=\"noreferrer noopener\">kanale YouTube Rzecznika Finansowego<\/a>.<\/p>\n\n\n\n<p>Zach\u0119camy te\u017c do\u00a0lektury\u00a0<a href=\"https:\/\/www.gazetaprawna.pl\/patronaty\/artykuly\/9696765,rynek-konsumenckich-uslug-kredytowych-w-polsce-prawo-praktyka-pro.html\" target=\"_blank\" rel=\"noreferrer noopener\">artyku\u0142u Ziemowita Bag\u0142ajewskiego<\/a>, kt\u00f3ry\u00a0ukaza\u0142 si\u0119 na\u00a0stronach Dziennika Gazety Prawnej.<\/p>\n\n\n\n\n\n\n\n<figure class=\"wp-block-gallery has-nested-images columns-2 is-cropped wp-block-gallery-1 is-layout-flex wp-block-gallery-is-layout-flex\">\n<figure data-wp-context=\"{&quot;imageId&quot;:&quot;69efad3f58ebe&quot;}\" data-wp-interactive=\"core\/image\" data-wp-key=\"69efad3f58ebe\" class=\"wp-block-image size-large wp-lightbox-container\"><img loading=\"lazy\" decoding=\"async\" width=\"1024\" height=\"768\" data-wp-class--hide=\"state.isContentHidden\" data-wp-class--show=\"state.isContentVisible\" data-wp-init=\"callbacks.setButtonStyles\" data-wp-on--click=\"actions.showLightbox\" data-wp-on--load=\"callbacks.setButtonStyles\" data-wp-on-window--resize=\"callbacks.setButtonStyles\" data-id=\"1632\" src=\"https:\/\/rf.gov.pl\/akademia\/wp-content\/uploads\/sites\/2\/2024\/12\/3-1-1-1024x768.jpg\" alt=\"\" class=\"wp-image-1632\" srcset=\"https:\/\/rf.gov.pl\/akademia\/wp-content\/uploads\/sites\/2\/2024\/12\/3-1-1-1024x768.jpg 1024w, https:\/\/rf.gov.pl\/akademia\/wp-content\/uploads\/sites\/2\/2024\/12\/3-1-1-300x225.jpg 300w, https:\/\/rf.gov.pl\/akademia\/wp-content\/uploads\/sites\/2\/2024\/12\/3-1-1-768x576.jpg 768w, https:\/\/rf.gov.pl\/akademia\/wp-content\/uploads\/sites\/2\/2024\/12\/3-1-1-1536x1152.jpg 1536w, https:\/\/rf.gov.pl\/akademia\/wp-content\/uploads\/sites\/2\/2024\/12\/3-1-1.jpg 1920w\" sizes=\"(max-width: 1024px) 100vw, 1024px\" \/><button\n\t\t\tclass=\"lightbox-trigger\"\n\t\t\ttype=\"button\"\n\t\t\taria-haspopup=\"dialog\"\n\t\t\taria-label=\"Powi\u0119ksz\"\n\t\t\tdata-wp-init=\"callbacks.initTriggerButton\"\n\t\t\tdata-wp-on--click=\"actions.showLightbox\"\n\t\t\tdata-wp-style--right=\"state.imageButtonRight\"\n\t\t\tdata-wp-style--top=\"state.imageButtonTop\"\n\t\t>\n\t\t\t<svg xmlns=\"http:\/\/www.w3.org\/2000\/svg\" width=\"12\" height=\"12\" fill=\"none\" viewBox=\"0 0 12 12\">\n\t\t\t\t<path fill=\"#fff\" d=\"M2 0a2 2 0 0 0-2 2v2h1.5V2a.5.5 0 0 1 .5-.5h2V0H2Zm2 10.5H2a.5.5 0 0 1-.5-.5V8H0v2a2 2 0 0 0 2 2h2v-1.5ZM8 12v-1.5h2a.5.5 0 0 0 .5-.5V8H12v2a2 2 0 0 1-2 2H8Zm2-12a2 2 0 0 1 2 2v2h-1.5V2a.5.5 0 0 0-.5-.5H8V0h2Z\" \/>\n\t\t\t<\/svg>\n\t\t<\/button><\/figure>\n\n\n\n<figure data-wp-context=\"{&quot;imageId&quot;:&quot;69efad3f5950a&quot;}\" data-wp-interactive=\"core\/image\" data-wp-key=\"69efad3f5950a\" class=\"wp-block-image size-large wp-lightbox-container\"><img loading=\"lazy\" decoding=\"async\" width=\"1024\" height=\"768\" data-wp-class--hide=\"state.isContentHidden\" data-wp-class--show=\"state.isContentVisible\" data-wp-init=\"callbacks.setButtonStyles\" data-wp-on--click=\"actions.showLightbox\" data-wp-on--load=\"callbacks.setButtonStyles\" data-wp-on-window--resize=\"callbacks.setButtonStyles\" data-id=\"1635\" src=\"https:\/\/rf.gov.pl\/akademia\/wp-content\/uploads\/sites\/2\/2024\/12\/470180612_900810068902713_3613281204780543453_n-1024x768.jpg\" alt=\"\" class=\"wp-image-1635\" srcset=\"https:\/\/rf.gov.pl\/akademia\/wp-content\/uploads\/sites\/2\/2024\/12\/470180612_900810068902713_3613281204780543453_n-1024x768.jpg 1024w, https:\/\/rf.gov.pl\/akademia\/wp-content\/uploads\/sites\/2\/2024\/12\/470180612_900810068902713_3613281204780543453_n-300x225.jpg 300w, https:\/\/rf.gov.pl\/akademia\/wp-content\/uploads\/sites\/2\/2024\/12\/470180612_900810068902713_3613281204780543453_n-768x576.jpg 768w, https:\/\/rf.gov.pl\/akademia\/wp-content\/uploads\/sites\/2\/2024\/12\/470180612_900810068902713_3613281204780543453_n-1536x1152.jpg 1536w, https:\/\/rf.gov.pl\/akademia\/wp-content\/uploads\/sites\/2\/2024\/12\/470180612_900810068902713_3613281204780543453_n.jpg 1920w\" sizes=\"(max-width: 1024px) 100vw, 1024px\" \/><button\n\t\t\tclass=\"lightbox-trigger\"\n\t\t\ttype=\"button\"\n\t\t\taria-haspopup=\"dialog\"\n\t\t\taria-label=\"Powi\u0119ksz\"\n\t\t\tdata-wp-init=\"callbacks.initTriggerButton\"\n\t\t\tdata-wp-on--click=\"actions.showLightbox\"\n\t\t\tdata-wp-style--right=\"state.imageButtonRight\"\n\t\t\tdata-wp-style--top=\"state.imageButtonTop\"\n\t\t>\n\t\t\t<svg xmlns=\"http:\/\/www.w3.org\/2000\/svg\" width=\"12\" height=\"12\" fill=\"none\" viewBox=\"0 0 12 12\">\n\t\t\t\t<path fill=\"#fff\" d=\"M2 0a2 2 0 0 0-2 2v2h1.5V2a.5.5 0 0 1 .5-.5h2V0H2Zm2 10.5H2a.5.5 0 0 1-.5-.5V8H0v2a2 2 0 0 0 2 2h2v-1.5ZM8 12v-1.5h2a.5.5 0 0 0 .5-.5V8H12v2a2 2 0 0 1-2 2H8Zm2-12a2 2 0 0 1 2 2v2h-1.5V2a.5.5 0 0 0-.5-.5H8V0h2Z\" \/>\n\t\t\t<\/svg>\n\t\t<\/button><\/figure>\n\n\n\n<figure data-wp-context=\"{&quot;imageId&quot;:&quot;69efad3f59a67&quot;}\" data-wp-interactive=\"core\/image\" data-wp-key=\"69efad3f59a67\" class=\"wp-block-image size-large wp-lightbox-container\"><img loading=\"lazy\" decoding=\"async\" width=\"1024\" height=\"768\" data-wp-class--hide=\"state.isContentHidden\" data-wp-class--show=\"state.isContentVisible\" data-wp-init=\"callbacks.setButtonStyles\" data-wp-on--click=\"actions.showLightbox\" data-wp-on--load=\"callbacks.setButtonStyles\" data-wp-on-window--resize=\"callbacks.setButtonStyles\" data-id=\"1647\" src=\"https:\/\/rf.gov.pl\/akademia\/wp-content\/uploads\/sites\/2\/2024\/12\/IMG_6926-2-1024x768.jpeg\" alt=\"\" class=\"wp-image-1647\" srcset=\"https:\/\/rf.gov.pl\/akademia\/wp-content\/uploads\/sites\/2\/2024\/12\/IMG_6926-2-1024x768.jpeg 1024w, https:\/\/rf.gov.pl\/akademia\/wp-content\/uploads\/sites\/2\/2024\/12\/IMG_6926-2-300x225.jpeg 300w, https:\/\/rf.gov.pl\/akademia\/wp-content\/uploads\/sites\/2\/2024\/12\/IMG_6926-2-768x576.jpeg 768w, https:\/\/rf.gov.pl\/akademia\/wp-content\/uploads\/sites\/2\/2024\/12\/IMG_6926-2-1536x1152.jpeg 1536w, https:\/\/rf.gov.pl\/akademia\/wp-content\/uploads\/sites\/2\/2024\/12\/IMG_6926-2-2048x1536.jpeg 2048w\" sizes=\"(max-width: 1024px) 100vw, 1024px\" \/><button\n\t\t\tclass=\"lightbox-trigger\"\n\t\t\ttype=\"button\"\n\t\t\taria-haspopup=\"dialog\"\n\t\t\taria-label=\"Powi\u0119ksz\"\n\t\t\tdata-wp-init=\"callbacks.initTriggerButton\"\n\t\t\tdata-wp-on--click=\"actions.showLightbox\"\n\t\t\tdata-wp-style--right=\"state.imageButtonRight\"\n\t\t\tdata-wp-style--top=\"state.imageButtonTop\"\n\t\t>\n\t\t\t<svg xmlns=\"http:\/\/www.w3.org\/2000\/svg\" width=\"12\" height=\"12\" fill=\"none\" viewBox=\"0 0 12 12\">\n\t\t\t\t<path fill=\"#fff\" d=\"M2 0a2 2 0 0 0-2 2v2h1.5V2a.5.5 0 0 1 .5-.5h2V0H2Zm2 10.5H2a.5.5 0 0 1-.5-.5V8H0v2a2 2 0 0 0 2 2h2v-1.5ZM8 12v-1.5h2a.5.5 0 0 0 .5-.5V8H12v2a2 2 0 0 1-2 2H8Zm2-12a2 2 0 0 1 2 2v2h-1.5V2a.5.5 0 0 0-.5-.5H8V0h2Z\" \/>\n\t\t\t<\/svg>\n\t\t<\/button><\/figure>\n\n\n\n<figure data-wp-context=\"{&quot;imageId&quot;:&quot;69efad3f59f76&quot;}\" data-wp-interactive=\"core\/image\" data-wp-key=\"69efad3f59f76\" class=\"wp-block-image size-large wp-lightbox-container\"><img loading=\"lazy\" decoding=\"async\" width=\"1024\" height=\"768\" data-wp-class--hide=\"state.isContentHidden\" data-wp-class--show=\"state.isContentVisible\" data-wp-init=\"callbacks.setButtonStyles\" data-wp-on--click=\"actions.showLightbox\" data-wp-on--load=\"callbacks.setButtonStyles\" data-wp-on-window--resize=\"callbacks.setButtonStyles\" data-id=\"1644\" src=\"https:\/\/rf.gov.pl\/akademia\/wp-content\/uploads\/sites\/2\/2024\/12\/IMG_6975-1024x768.jpeg\" alt=\"\" class=\"wp-image-1644\" srcset=\"https:\/\/rf.gov.pl\/akademia\/wp-content\/uploads\/sites\/2\/2024\/12\/IMG_6975-1024x768.jpeg 1024w, https:\/\/rf.gov.pl\/akademia\/wp-content\/uploads\/sites\/2\/2024\/12\/IMG_6975-300x225.jpeg 300w, https:\/\/rf.gov.pl\/akademia\/wp-content\/uploads\/sites\/2\/2024\/12\/IMG_6975-768x576.jpeg 768w, https:\/\/rf.gov.pl\/akademia\/wp-content\/uploads\/sites\/2\/2024\/12\/IMG_6975-1536x1152.jpeg 1536w, https:\/\/rf.gov.pl\/akademia\/wp-content\/uploads\/sites\/2\/2024\/12\/IMG_6975-2048x1536.jpeg 2048w\" sizes=\"(max-width: 1024px) 100vw, 1024px\" \/><button\n\t\t\tclass=\"lightbox-trigger\"\n\t\t\ttype=\"button\"\n\t\t\taria-haspopup=\"dialog\"\n\t\t\taria-label=\"Powi\u0119ksz\"\n\t\t\tdata-wp-init=\"callbacks.initTriggerButton\"\n\t\t\tdata-wp-on--click=\"actions.showLightbox\"\n\t\t\tdata-wp-style--right=\"state.imageButtonRight\"\n\t\t\tdata-wp-style--top=\"state.imageButtonTop\"\n\t\t>\n\t\t\t<svg xmlns=\"http:\/\/www.w3.org\/2000\/svg\" width=\"12\" height=\"12\" fill=\"none\" viewBox=\"0 0 12 12\">\n\t\t\t\t<path fill=\"#fff\" d=\"M2 0a2 2 0 0 0-2 2v2h1.5V2a.5.5 0 0 1 .5-.5h2V0H2Zm2 10.5H2a.5.5 0 0 1-.5-.5V8H0v2a2 2 0 0 0 2 2h2v-1.5ZM8 12v-1.5h2a.5.5 0 0 0 .5-.5V8H12v2a2 2 0 0 1-2 2H8Zm2-12a2 2 0 0 1 2 2v2h-1.5V2a.5.5 0 0 0-.5-.5H8V0h2Z\" \/>\n\t\t\t<\/svg>\n\t\t<\/button><\/figure>\n\n\n\n<figure data-wp-context=\"{&quot;imageId&quot;:&quot;69efad3f5a47f&quot;}\" data-wp-interactive=\"core\/image\" data-wp-key=\"69efad3f5a47f\" class=\"wp-block-image size-large wp-lightbox-container\"><img loading=\"lazy\" decoding=\"async\" width=\"1024\" height=\"768\" data-wp-class--hide=\"state.isContentHidden\" data-wp-class--show=\"state.isContentVisible\" data-wp-init=\"callbacks.setButtonStyles\" data-wp-on--click=\"actions.showLightbox\" data-wp-on--load=\"callbacks.setButtonStyles\" data-wp-on-window--resize=\"callbacks.setButtonStyles\" data-id=\"1638\" src=\"https:\/\/rf.gov.pl\/akademia\/wp-content\/uploads\/sites\/2\/2024\/12\/IMG_6960-1024x768.jpeg\" alt=\"\" class=\"wp-image-1638\" srcset=\"https:\/\/rf.gov.pl\/akademia\/wp-content\/uploads\/sites\/2\/2024\/12\/IMG_6960-1024x768.jpeg 1024w, https:\/\/rf.gov.pl\/akademia\/wp-content\/uploads\/sites\/2\/2024\/12\/IMG_6960-300x225.jpeg 300w, https:\/\/rf.gov.pl\/akademia\/wp-content\/uploads\/sites\/2\/2024\/12\/IMG_6960-768x576.jpeg 768w, https:\/\/rf.gov.pl\/akademia\/wp-content\/uploads\/sites\/2\/2024\/12\/IMG_6960-1536x1152.jpeg 1536w, https:\/\/rf.gov.pl\/akademia\/wp-content\/uploads\/sites\/2\/2024\/12\/IMG_6960-2048x1536.jpeg 2048w\" sizes=\"(max-width: 1024px) 100vw, 1024px\" \/><button\n\t\t\tclass=\"lightbox-trigger\"\n\t\t\ttype=\"button\"\n\t\t\taria-haspopup=\"dialog\"\n\t\t\taria-label=\"Powi\u0119ksz\"\n\t\t\tdata-wp-init=\"callbacks.initTriggerButton\"\n\t\t\tdata-wp-on--click=\"actions.showLightbox\"\n\t\t\tdata-wp-style--right=\"state.imageButtonRight\"\n\t\t\tdata-wp-style--top=\"state.imageButtonTop\"\n\t\t>\n\t\t\t<svg xmlns=\"http:\/\/www.w3.org\/2000\/svg\" width=\"12\" height=\"12\" fill=\"none\" viewBox=\"0 0 12 12\">\n\t\t\t\t<path fill=\"#fff\" d=\"M2 0a2 2 0 0 0-2 2v2h1.5V2a.5.5 0 0 1 .5-.5h2V0H2Zm2 10.5H2a.5.5 0 0 1-.5-.5V8H0v2a2 2 0 0 0 2 2h2v-1.5ZM8 12v-1.5h2a.5.5 0 0 0 .5-.5V8H12v2a2 2 0 0 1-2 2H8Zm2-12a2 2 0 0 1 2 2v2h-1.5V2a.5.5 0 0 0-.5-.5H8V0h2Z\" \/>\n\t\t\t<\/svg>\n\t\t<\/button><\/figure>\n\n\n\n<figure data-wp-context=\"{&quot;imageId&quot;:&quot;69efad3f5a9a5&quot;}\" data-wp-interactive=\"core\/image\" data-wp-key=\"69efad3f5a9a5\" class=\"wp-block-image size-large wp-lightbox-container\"><img loading=\"lazy\" decoding=\"async\" width=\"1024\" height=\"768\" data-wp-class--hide=\"state.isContentHidden\" data-wp-class--show=\"state.isContentVisible\" data-wp-init=\"callbacks.setButtonStyles\" data-wp-on--click=\"actions.showLightbox\" data-wp-on--load=\"callbacks.setButtonStyles\" data-wp-on-window--resize=\"callbacks.setButtonStyles\" data-id=\"1639\" src=\"https:\/\/rf.gov.pl\/akademia\/wp-content\/uploads\/sites\/2\/2024\/12\/IMG_6957-1024x768.jpeg\" alt=\"\" class=\"wp-image-1639\" srcset=\"https:\/\/rf.gov.pl\/akademia\/wp-content\/uploads\/sites\/2\/2024\/12\/IMG_6957-1024x768.jpeg 1024w, https:\/\/rf.gov.pl\/akademia\/wp-content\/uploads\/sites\/2\/2024\/12\/IMG_6957-300x225.jpeg 300w, https:\/\/rf.gov.pl\/akademia\/wp-content\/uploads\/sites\/2\/2024\/12\/IMG_6957-768x576.jpeg 768w, https:\/\/rf.gov.pl\/akademia\/wp-content\/uploads\/sites\/2\/2024\/12\/IMG_6957-1536x1152.jpeg 1536w, https:\/\/rf.gov.pl\/akademia\/wp-content\/uploads\/sites\/2\/2024\/12\/IMG_6957-2048x1536.jpeg 2048w\" sizes=\"(max-width: 1024px) 100vw, 1024px\" \/><button\n\t\t\tclass=\"lightbox-trigger\"\n\t\t\ttype=\"button\"\n\t\t\taria-haspopup=\"dialog\"\n\t\t\taria-label=\"Powi\u0119ksz\"\n\t\t\tdata-wp-init=\"callbacks.initTriggerButton\"\n\t\t\tdata-wp-on--click=\"actions.showLightbox\"\n\t\t\tdata-wp-style--right=\"state.imageButtonRight\"\n\t\t\tdata-wp-style--top=\"state.imageButtonTop\"\n\t\t>\n\t\t\t<svg xmlns=\"http:\/\/www.w3.org\/2000\/svg\" width=\"12\" height=\"12\" fill=\"none\" viewBox=\"0 0 12 12\">\n\t\t\t\t<path fill=\"#fff\" d=\"M2 0a2 2 0 0 0-2 2v2h1.5V2a.5.5 0 0 1 .5-.5h2V0H2Zm2 10.5H2a.5.5 0 0 1-.5-.5V8H0v2a2 2 0 0 0 2 2h2v-1.5ZM8 12v-1.5h2a.5.5 0 0 0 .5-.5V8H12v2a2 2 0 0 1-2 2H8Zm2-12a2 2 0 0 1 2 2v2h-1.5V2a.5.5 0 0 0-.5-.5H8V0h2Z\" \/>\n\t\t\t<\/svg>\n\t\t<\/button><\/figure>\n<\/figure>\n","protected":false},"excerpt":{"rendered":"<p>W&nbsp;dniach 12-13 grudnia 2024&nbsp;r. odby\u0142a si\u0119 konferencja Rzecznika Finansowego i&nbsp;Doradczego Komitetu Naukowego pn.&nbsp;\u201eRynek konsumenckich us\u0142ug kredytowych w&nbsp;Polsce: prawo \u2013 praktyka \u2013 problemy \u2013 potrzeby \u2013 wyzwania\u201d. Wydarzenie zgromadzi\u0142o przedstawicieli \u015bwiata akademickiego, instytucji publicznych, organizacji konsumenckich i&nbsp;sektora bankowego, umo\u017cliwiaj\u0105c dialog na&nbsp;temat wyzwa\u0144 regulacyjnych rynku kredytowego. W&nbsp;pierwszym panelu eksperckim g\u0142os w&nbsp;sprawie kredyt\u00f3w konsumenckich zabrali badacze z&nbsp;Doradczego Komitetu [&hellip;]<\/p>\n","protected":false},"author":5,"featured_media":1629,"comment_status":"closed","ping_status":"closed","sticky":false,"template":"","format":"standard","meta":{"_acf_changed":false,"inline_featured_image":false,"footnotes":"","_links_to":"","_links_to_target":""},"categories":[49],"tags":[54,52,53],"class_list":["post-1628","post","type-post","status-publish","format-standard","has-post-thumbnail","hentry","category-aktualnosci","tag-konferencja-rzecznika-finansowego","tag-kredyt","tag-kredyt-konsumencki"],"acf":[],"_links":{"self":[{"href":"https:\/\/rf.gov.pl\/akademia\/wp-json\/wp\/v2\/posts\/1628","targetHints":{"allow":["GET"]}}],"collection":[{"href":"https:\/\/rf.gov.pl\/akademia\/wp-json\/wp\/v2\/posts"}],"about":[{"href":"https:\/\/rf.gov.pl\/akademia\/wp-json\/wp\/v2\/types\/post"}],"author":[{"embeddable":true,"href":"https:\/\/rf.gov.pl\/akademia\/wp-json\/wp\/v2\/users\/5"}],"replies":[{"embeddable":true,"href":"https:\/\/rf.gov.pl\/akademia\/wp-json\/wp\/v2\/comments?post=1628"}],"version-history":[{"count":1,"href":"https:\/\/rf.gov.pl\/akademia\/wp-json\/wp\/v2\/posts\/1628\/revisions"}],"predecessor-version":[{"id":1650,"href":"https:\/\/rf.gov.pl\/akademia\/wp-json\/wp\/v2\/posts\/1628\/revisions\/1650"}],"wp:featuredmedia":[{"embeddable":true,"href":"https:\/\/rf.gov.pl\/akademia\/wp-json\/wp\/v2\/media\/1629"}],"wp:attachment":[{"href":"https:\/\/rf.gov.pl\/akademia\/wp-json\/wp\/v2\/media?parent=1628"}],"wp:term":[{"taxonomy":"category","embeddable":true,"href":"https:\/\/rf.gov.pl\/akademia\/wp-json\/wp\/v2\/categories?post=1628"},{"taxonomy":"post_tag","embeddable":true,"href":"https:\/\/rf.gov.pl\/akademia\/wp-json\/wp\/v2\/tags?post=1628"}],"curies":[{"name":"wp","href":"https:\/\/api.w.org\/{rel}","templated":true}]}}