   {"id":705,"date":"2024-04-22T11:10:00","date_gmt":"2024-04-22T09:10:00","guid":{"rendered":"https:\/\/rf.gov.pl\/akademia\/?p=705"},"modified":"2024-07-01T12:05:49","modified_gmt":"2024-07-01T10:05:49","slug":"udzial-rzecznika-finansowego-w-seminarium-problemy-etyczne-i-prawne-praktycznych-zastosowan-sztucznej-inteligencji-na-uniwersytecie-gdanskim","status":"publish","type":"post","link":"https:\/\/rf.gov.pl\/akademia\/udzial-rzecznika-finansowego-w-seminarium-problemy-etyczne-i-prawne-praktycznych-zastosowan-sztucznej-inteligencji-na-uniwersytecie-gdanskim\/","title":{"rendered":"Udzia\u0142 Rzecznika Finansowego w seminarium \u201eProblemy etyczne i prawne praktycznych zastosowa\u0144 sztucznej inteligencji\u201d na Uniwersytecie Gda\u0144skim"},"content":{"rendered":"\n<p>W dniu 17 kwietnia 2024 r. Rzecznik Finansowy \u2013 dr Bohdan Pretkiel oraz dyrektor Departamentu Analiz i Legislacji \u2013 Micha\u0142 Sas, wzi\u0119li udzia\u0142 w seminarium \u201eProblemy etyczne i prawne praktycznych zastosowa\u0144 sztucznej inteligencji\u201d, zorganizowanym przez Uniwersytet Gda\u0144ski. Celem wydarzenia by\u0142o przedyskutowanie istotnych z perspektywy spo\u0142ecznej zagadnie\u0144, jakie wi\u0105\u017c\u0105 si\u0119 z dynamicznym rozwojem algorytm\u00f3w AI oraz coraz szerszego pola ich zastosowa\u0144 w r\u00f3\u017cnych dziedzinach.<\/p>\n\n\n\n<p>Uczestnicy wydarzenia zostali wprowadzeni w tematyk\u0119 przez Pani\u0105 dr hab. Ma\u0142gorzat\u0119 Balwick\u0105-Szczyrb\u0119, prof. UG, Prodziekan ds. Kszta\u0142cenia na Wydziale Prawa i Administracji UG oraz Pana dr. hab. Aleksandra Kubickiego, prof. UG, pe\u0142nomocnika Rektora ds. transformacji cyfrowej, Prodziekana ds. Umi\u0119dzynarodowienia i Rozwoju na Wydziale Matematyki, Fizyki i Informatyki UG.<\/p>\n\n\n\n<p>Pierwszy referat \u201eChat GPT a etyka urz\u0119dnicza\u201d wyg\u0142osi\u0142 dr hab. Wojciech Wiewi\u00f3rowski, Europejski Inspektor Ochrony Danych (EIOD). Zwr\u00f3ci\u0142 on uwag\u0119 na zagadnienia, jakie wi\u0105\u017c\u0105 si\u0119 z wykorzystaniem w administracji publicznej generator\u00f3w tekst\u00f3w \u2013 du\u017cych modeli j\u0119zykowych, opartych o mechanizm uczenia maszynowego, na przyk\u0142adzie&nbsp;<em>ChatGPT<\/em>. Rzecznik Finansowy, dr Bohdan Pretkiel, przedstawi\u0142 wyst\u0105pienie \u201eSztuczna inteligencja a proces s\u0105dowy\u201d, w trakcie kt\u00f3rego om\u00f3wi\u0142 mo\u017cliwe obszary zastosowania narz\u0119dzi opartych o algorytmy AI w procesie s\u0105dowym, zwracaj\u0105c w szczeg\u00f3lno\u015bci uwag\u0119 na wi\u0105\u017c\u0105ce si\u0119 z tym kontrowersje. Odwo\u0142a\u0142 si\u0119 r\u00f3wnie\u017c do do\u015bwiadcze\u0144 instytucji Rzecznika w tym zakresie. Micha\u0142 Sas w ramach prelekcji \u201eWyja\u015bnialno\u015b\u0107 decyzji algorytm\u00f3w w sektorze finansowym. Postulaty&nbsp;<em>de lege ferenda<\/em>\u201d zwr\u00f3ci\u0142 uwag\u0119 na zmiany, jakie zostan\u0105 wprowadzone przez AI Act, skupiaj\u0105c si\u0119 na problematyce wyja\u015bnialno\u015bci decyzji zautomatyzowanych w kontek\u015bcie prawa bankowego i ubezpieczeniowego.<br>Ostatnie wyst\u0105pienie podczas seminarium \u201eLekarz AI \u2013 sztuczna inteligencja w zastosowaniach medycznych\u201d zosta\u0142o przedstawione przez prof. dr hab. in\u017c. Jacka Rumi\u0144skiego z Katedry In\u017cynierii Biomedycznej na Wydziale Elektroniki, Telekomunikacji i Informatyki Politechniki Gda\u0144skiej.<\/p>\n\n\n\n<p>Po wyk\u0142adach mia\u0142a miejsce o\u017cywiona dyskusja, podczas kt\u00f3rej szczeg\u00f3lna uwaga zosta\u0142a po\u015bwi\u0119cona zagro\u017ceniom, jakie \u0142\u0105cz\u0105 si\u0119 z dynamicznym rozwojem sztucznej inteligencji, a tak\u017ce postulatom&nbsp;<em>de lege ferenda<\/em>, nakierowanym na ograniczenie ryzyk zwi\u0105zanych z coraz szerszym zastosowaniem algorytm\u00f3w AI w r\u00f3\u017cnych dziedzinach \u017cycia, w szczeg\u00f3lno\u015bci w obszarze relacji mi\u0119dzy podmiotami rynku finansowego a konsumentami.<\/p>\n","protected":false},"excerpt":{"rendered":"<p>W dniu 17 kwietnia 2024 r. Rzecznik Finansowy \u2013 dr Bohdan Pretkiel oraz dyrektor Departamentu Analiz i Legislacji \u2013 Micha\u0142 Sas, wzi\u0119li udzia\u0142 w seminarium \u201eProblemy etyczne i prawne praktycznych zastosowa\u0144 sztucznej inteligencji\u201d, zorganizowanym przez Uniwersytet Gda\u0144ski. Celem wydarzenia by\u0142o przedyskutowanie istotnych z perspektywy spo\u0142ecznej zagadnie\u0144, jakie wi\u0105\u017c\u0105 si\u0119 z dynamicznym rozwojem algorytm\u00f3w AI oraz [&hellip;]<\/p>\n","protected":false},"author":1,"featured_media":707,"comment_status":"open","ping_status":"open","sticky":false,"template":"","format":"standard","meta":{"_acf_changed":false,"inline_featured_image":false,"footnotes":"","_links_to":"","_links_to_target":""},"categories":[1],"tags":[46],"class_list":["post-705","post","type-post","status-publish","format-standard","has-post-thumbnail","hentry","category-bez-kategorii","tag-edukacja"],"acf":[],"_links":{"self":[{"href":"https:\/\/rf.gov.pl\/akademia\/wp-json\/wp\/v2\/posts\/705","targetHints":{"allow":["GET"]}}],"collection":[{"href":"https:\/\/rf.gov.pl\/akademia\/wp-json\/wp\/v2\/posts"}],"about":[{"href":"https:\/\/rf.gov.pl\/akademia\/wp-json\/wp\/v2\/types\/post"}],"author":[{"embeddable":true,"href":"https:\/\/rf.gov.pl\/akademia\/wp-json\/wp\/v2\/users\/1"}],"replies":[{"embeddable":true,"href":"https:\/\/rf.gov.pl\/akademia\/wp-json\/wp\/v2\/comments?post=705"}],"version-history":[{"count":1,"href":"https:\/\/rf.gov.pl\/akademia\/wp-json\/wp\/v2\/posts\/705\/revisions"}],"predecessor-version":[{"id":706,"href":"https:\/\/rf.gov.pl\/akademia\/wp-json\/wp\/v2\/posts\/705\/revisions\/706"}],"wp:featuredmedia":[{"embeddable":true,"href":"https:\/\/rf.gov.pl\/akademia\/wp-json\/wp\/v2\/media\/707"}],"wp:attachment":[{"href":"https:\/\/rf.gov.pl\/akademia\/wp-json\/wp\/v2\/media?parent=705"}],"wp:term":[{"taxonomy":"category","embeddable":true,"href":"https:\/\/rf.gov.pl\/akademia\/wp-json\/wp\/v2\/categories?post=705"},{"taxonomy":"post_tag","embeddable":true,"href":"https:\/\/rf.gov.pl\/akademia\/wp-json\/wp\/v2\/tags?post=705"}],"curies":[{"name":"wp","href":"https:\/\/api.w.org\/{rel}","templated":true}]}}