   {"id":723,"date":"2024-03-18T11:33:00","date_gmt":"2024-03-18T10:33:00","guid":{"rendered":"https:\/\/rf.gov.pl\/akademia\/?p=723"},"modified":"2024-07-01T12:05:32","modified_gmt":"2024-07-01T10:05:32","slug":"rzecznik-finansowy-partnerem-12-edycji-global-money-week","status":"publish","type":"post","link":"https:\/\/rf.gov.pl\/akademia\/rzecznik-finansowy-partnerem-12-edycji-global-money-week\/","title":{"rendered":"Rzecznik Finansowy partnerem 12. edycji Global Money Week"},"content":{"rendered":"\n<p>Rzecznik Finansowy uczestniczy w tegorocznej edycji&nbsp;<strong>Global Money Week<\/strong>&nbsp;(<strong>GMW<\/strong>). GMW jest mi\u0119dzynarodow\u0105 kampani\u0105 Organizacji Wsp\u00f3\u0142pracy Gospodarczej i Rozwoju (OECD), po\u015bwi\u0119con\u0105 zwi\u0119kszaniu \u015bwiadomo\u015bci finansowej spo\u0142ecze\u0144stwa, w szczeg\u00f3lno\u015bci m\u0142odzie\u017cy. W 2024 roku akcja GMW odbywa si\u0119 w dniach 18-24 marca pod has\u0142em \u2013 \u201e<strong>Zabezpiecz swoje pieni\u0105dze i swoj\u0105 przysz\u0142o\u015b\u0107<\/strong>\u201d<\/p>\n\n\n\n<p>W ramach kampanii pracownicy Biura Rzecznika Finansowego organizuj\u0105 w dniach 19\u201322 marca w&nbsp;Warszawie i Gda\u0144sku spotkania edukacyjne skierowane do r\u00f3\u017cnych grup odbiorc\u00f3w: senior\u00f3w, student\u00f3w, uczni\u00f3w szk\u00f3\u0142 \u015brednich i podstawowych. Z kolei dla nauczycieli zosta\u0142y opublikowane na stronie&nbsp;<a href=\"http:\/\/www.rf.gov.pl\/\">www.rf.gov.pl<\/a>&nbsp;scenariusze lekcji z zakresu ochrony konsumenta rynku finansowego.<\/p>\n\n\n\n<p>Podczas lekcji o finansach dla klas IV-VII, kt\u00f3re odb\u0119d\u0105 si\u0119 w jednej ze szk\u00f3\u0142 podstawowych w Warszawie pracownicy Departamentu Edukacji i Komunikacji zaprezentuj\u0105 w przyst\u0119pnej formie dzia\u0142alno\u015b\u0107 i pomoc Rzecznika Finansowego w sporach klient\u00f3w rynku finansowego z bankami i firmami ubezpieczeniowymi. Problematyka zostanie zilustrowana wieloma przyk\u0142adami &nbsp;zagadnie\u0144 istotnych dla konsument\u00f3w aktywnych na rynku bankowo-kapita\u0142owym i ubezpieczeniowym. Tematyka i spos\u00f3b prowadzenia zaj\u0119\u0107 zostan\u0105 dostosowane do m\u0142odych odbiorc\u00f3w. Uczniowie dowiedz\u0105 si\u0119 r\u00f3wnie\u017c, mi\u0119dzy innymi, czym jest bud\u017cet domowy i jakie s\u0105 formy oszcz\u0119dzania. Spotkanie b\u0119dzie mia\u0142o charakter interaktywny \u2013 uczestnicy wezm\u0105 m.in. udzia\u0142 w quizie z nagrodami.<\/p>\n\n\n\n<p>Ponadto 20 marca 2024 roku podczas \u201eDnia Przedsi\u0119biorczo\u015bci\u201d organizowanego w partnerstwie z Fundacj\u0105 M\u0142odzie\u017cowej Przedsi\u0119biorczo\u015bci, do Biura Rzecznika Finansowego w Warszawie zostan\u0105 przyj\u0119ci na jednodniowy \u201esta\u017c\u201d liceali\u015bci z mazowieckich szk\u00f3\u0142 \u015brednich , kt\u00f3rym eksperci Biura Rzecznika Finansowego&nbsp; przedstawi\u0105 w formie seminaryjnej i praktycznej m.in. temat nieautoryzowanych transakcji p\u0142atniczych. Uczniowie przeprowadz\u0105 r\u00f3wnie\u017c praktyczn\u0105 analiz\u0119 produkt\u00f3w depozytowo-kredytowych.<\/p>\n\n\n\n<p>Z kolei w dniach 21-22 marca na Wydziale Prawa i Administracji Uniwersytetu Gda\u0144skiego<strong>&nbsp;<\/strong>odb\u0119d\u0105 si\u0119 Dni Rzecznika Finansowego, kt\u00f3rych program obejmuje: cz\u0119\u015b\u0107 warsztatow\u0105 (21 marca) oraz konferencj\u0119 na temat aktualnych trend\u00f3w i trudno\u015bci w korzystaniu z us\u0142ug finansowych (22 marca). Podczas warsztat\u00f3w studenci i liceali\u015bci poznaj\u0105 histori\u0119 kryptoaktyw\u00f3w i problematyk\u0119 ich regulacji. S\u0142uchacze Uniwersytetu Trzeciego Wieku dowiedz\u0105 si\u0119, jak bezpiecznie korzysta\u0107 z technologii p\u0142atniczych oraz co zrobi\u0107, je\u017celi dojdzie do nieautoryzowanej transakcji. Dodatkowo dla k\u00f3\u0142 naukowych dzia\u0142aj\u0105cych na Uniwersytecie Gda\u0144skim eksperci przeprowadz\u0105 warsztaty z prawa ubezpieczeniowego, obejmuj\u0105ce prac\u0119 na kazusach. Konferencj\u0119 otworzy wyst\u0105pienie Rzecznika Finansowego, dr. Bohdana Pretkiela, a pracownicy Biura uczestniczy\u0107 b\u0119d\u0105 w dyskusjach na temat przedstawionych referat\u00f3w, a tak\u017ce prowadzi\u0107 panel dyskusyjny podsumowuj\u0105cy sesj\u0119 po\u015bwi\u0119con\u0105 wyzwaniom i trudno\u015bciom na rynku us\u0142ug finansowych.<\/p>\n\n\n\n<p>Opr\u00f3cz spotka\u0144 edukacyjnych Rzecznik Finansowy w ramach kampanii Global Money Week 2024, publikuje na stronie internetowej dla nauczycieli scenariusze zaj\u0119\u0107, kt\u00f3re dotycz\u0105 ochrony konsument\u00f3w na rynku finansowym. Scenariusze lekcji &nbsp;dotycz\u0105 zar\u00f3wno temat\u00f3w teoretycznych, jak &nbsp;i \u0107wicze\u0144 i obejmuj\u0105 m.in. nast\u0119puj\u0105ce zagadnienia: \u201eBezpieczne transakcje finansowe w Internecie\u201d, \u201eJak napisa\u0107 reklamacj\u0119 do instytucji finansowej?\u201d oraz \u201ePost\u0119powanie interwencyjne a polubowne Rzecznika Finansowego \u2013 kt\u00f3re wybra\u0107?\u201d.<\/p>\n\n\n\n<p>Materia\u0142y dost\u0119pne s\u0105 pod poni\u017cszym linkiem:&nbsp;<a href=\"https:\/\/rf.gov.pl\/edukacja\/scenariusze-zajec\/\">Scenariusze zaj\u0119\u0107 \u2013 Rzecznik Finansowy (rf.gov.pl)<\/a><\/p>\n\n\n\n<figure class=\"wp-block-image size-large\"><img loading=\"lazy\" decoding=\"async\" width=\"1024\" height=\"544\" src=\"https:\/\/rf.gov.pl\/akademia\/wp-content\/uploads\/sites\/2\/2024\/05\/Baner-GMW-2024-1024x544.png\" alt=\"\" class=\"wp-image-724\" srcset=\"https:\/\/rf.gov.pl\/akademia\/wp-content\/uploads\/sites\/2\/2024\/05\/Baner-GMW-2024-1024x544.png 1024w, https:\/\/rf.gov.pl\/akademia\/wp-content\/uploads\/sites\/2\/2024\/05\/Baner-GMW-2024-300x159.png 300w, https:\/\/rf.gov.pl\/akademia\/wp-content\/uploads\/sites\/2\/2024\/05\/Baner-GMW-2024-768x408.png 768w, https:\/\/rf.gov.pl\/akademia\/wp-content\/uploads\/sites\/2\/2024\/05\/Baner-GMW-2024.png 1199w\" sizes=\"(max-width: 1024px) 100vw, 1024px\" \/><\/figure>\n","protected":false},"excerpt":{"rendered":"<p>Rzecznik Finansowy uczestniczy w tegorocznej edycji&nbsp;Global Money Week&nbsp;(GMW). GMW jest mi\u0119dzynarodow\u0105 kampani\u0105 Organizacji Wsp\u00f3\u0142pracy Gospodarczej i Rozwoju (OECD), po\u015bwi\u0119con\u0105 zwi\u0119kszaniu \u015bwiadomo\u015bci finansowej spo\u0142ecze\u0144stwa, w szczeg\u00f3lno\u015bci m\u0142odzie\u017cy. W 2024 roku akcja GMW odbywa si\u0119 w dniach 18-24 marca pod has\u0142em \u2013 \u201eZabezpiecz swoje pieni\u0105dze i swoj\u0105 przysz\u0142o\u015b\u0107\u201d W ramach kampanii pracownicy Biura Rzecznika Finansowego organizuj\u0105 w [&hellip;]<\/p>\n","protected":false},"author":1,"featured_media":733,"comment_status":"open","ping_status":"open","sticky":false,"template":"","format":"standard","meta":{"_acf_changed":false,"inline_featured_image":false,"footnotes":"","_links_to":"","_links_to_target":""},"categories":[1],"tags":[48,46],"class_list":["post-723","post","type-post","status-publish","format-standard","has-post-thumbnail","hentry","category-bez-kategorii","tag-arf","tag-edukacja"],"acf":[],"_links":{"self":[{"href":"https:\/\/rf.gov.pl\/akademia\/wp-json\/wp\/v2\/posts\/723","targetHints":{"allow":["GET"]}}],"collection":[{"href":"https:\/\/rf.gov.pl\/akademia\/wp-json\/wp\/v2\/posts"}],"about":[{"href":"https:\/\/rf.gov.pl\/akademia\/wp-json\/wp\/v2\/types\/post"}],"author":[{"embeddable":true,"href":"https:\/\/rf.gov.pl\/akademia\/wp-json\/wp\/v2\/users\/1"}],"replies":[{"embeddable":true,"href":"https:\/\/rf.gov.pl\/akademia\/wp-json\/wp\/v2\/comments?post=723"}],"version-history":[{"count":2,"href":"https:\/\/rf.gov.pl\/akademia\/wp-json\/wp\/v2\/posts\/723\/revisions"}],"predecessor-version":[{"id":738,"href":"https:\/\/rf.gov.pl\/akademia\/wp-json\/wp\/v2\/posts\/723\/revisions\/738"}],"wp:featuredmedia":[{"embeddable":true,"href":"https:\/\/rf.gov.pl\/akademia\/wp-json\/wp\/v2\/media\/733"}],"wp:attachment":[{"href":"https:\/\/rf.gov.pl\/akademia\/wp-json\/wp\/v2\/media?parent=723"}],"wp:term":[{"taxonomy":"category","embeddable":true,"href":"https:\/\/rf.gov.pl\/akademia\/wp-json\/wp\/v2\/categories?post=723"},{"taxonomy":"post_tag","embeddable":true,"href":"https:\/\/rf.gov.pl\/akademia\/wp-json\/wp\/v2\/tags?post=723"}],"curies":[{"name":"wp","href":"https:\/\/api.w.org\/{rel}","templated":true}]}}