   {"id":739,"date":"2024-03-14T11:00:00","date_gmt":"2024-03-14T10:00:00","guid":{"rendered":"https:\/\/rf.gov.pl\/akademia\/?p=739"},"modified":"2024-07-01T12:05:38","modified_gmt":"2024-07-01T10:05:38","slug":"akademia-rzecznika-finansowego-2024-rozpoczecie-rekrutacji","status":"publish","type":"post","link":"https:\/\/rf.gov.pl\/akademia\/akademia-rzecznika-finansowego-2024-rozpoczecie-rekrutacji\/","title":{"rendered":"Akademia Rzecznika Finansowego 2024 \u2013 rozpocz\u0119cie rekrutacji"},"content":{"rendered":"\n<p>Rozpoczynamy nab\u00f3r do kolejnych edycji programu praktyk w Biurze Rzecznika Finansowego, kt\u00f3re odb\u0119d\u0105 si\u0119 w lipcu i sierpniu 2024 r. Pierwsza edycja Akademii odby\u0142a si\u0119 w sierpniu 2023 r. O sukcesie inicjatywy \u015bwiadczy mi\u0119dzy innymi fakt, \u017ce kilka os\u00f3b spo\u015br\u00f3d absolwentek i absolwent\u00f3w programu pracuje dzi\u015b w&nbsp;Biurze Rzecznika w Warszawie.<\/p>\n\n\n\n<p>Akademia Rzecznika Finansowego to inicjatywa edukacyjna, dzi\u0119ki kt\u00f3rej osoby podejmuj\u0105ce studia z&nbsp;zakresu prawa i kierunk\u00f3w pokrewnych na uczelniach partnerskich (tj. obecnie kilkunastu uniwersytetach w&nbsp;Polsce) mog\u0105 zdoby\u0107 zaawansowan\u0105 wiedz\u0119 na temat mechanizm\u00f3w ochrony klient\u00f3w podmiot\u00f3w rynku finansowego, a tak\u017ce wiele umiej\u0119tno\u015bci praktycznych. To nowatorski system praktyk studenckich, sk\u0142adaj\u0105cy si\u0119 z dw\u00f3ch zasadniczych element\u00f3w:<\/p>\n\n\n\n<p>\u2013 warsztat\u00f3w i konwersatori\u00f3w na temat funkcjonowania systemu ochrony klient\u00f3w rynku finansowego,<\/p>\n\n\n\n<p>\u2013 pracy w grupach nad konkretnymi sprawami pod okiem specjalist\u00f3w z Biura Rzecznika Finansowego.<\/p>\n\n\n\n<p><strong>Zach\u0119camy do przesy\u0142ania zg\u0142osze\u0144 na adres:&nbsp;<a href=\"mailto:akademia@rf.gov.pl\">akademia@rf.gov.pl<\/a>&nbsp;w terminie do 17 maja 2024 r. O&nbsp;kolejnych krokach w ramach rekrutacji b\u0119dziemy informowa\u0107 indywidualnie.<\/strong><\/p>\n\n\n\n<p>Podobnie jak w 2023 r., zapraszamy te\u017c do udzia\u0142u w&nbsp;<em>Wirtualnych Dniach Otwartych Akademii&nbsp;<\/em>w kwietniu i&nbsp;maju. O terminach poinformujemy niebawem. W trakcie tych spotka\u0144 b\u0119dziemy odpowiada\u0107 na pytania dotycz\u0105ce organizacji Akademii.<\/p>\n\n\n\n<p>Osoby spoza Warszawy otrzymaj\u0105 bezp\u0142atne zakwaterowanie na czas zaj\u0119\u0107.<\/p>\n\n\n\n<p>Szczeg\u00f3\u0142owe informacje dotycz\u0105ce Akademii i warunk\u00f3w rekrutacji znajduj\u0105 si\u0119 na stronie:\u00a0<a href=\"https:\/\/rf.gov.pl\/akademia\/\" target=\"_blank\" rel=\"noreferrer noopener\">Akademii Rzecznika Finansowego<\/a><\/p>\n\n\n\n<p>Serdecznie zapraszamy!<\/p>\n","protected":false},"excerpt":{"rendered":"<p>Rozpoczynamy nab\u00f3r do kolejnych edycji programu praktyk w Biurze Rzecznika Finansowego, kt\u00f3re odb\u0119d\u0105 si\u0119 w lipcu i sierpniu 2024 r. Pierwsza edycja Akademii odby\u0142a si\u0119 w sierpniu 2023 r. O sukcesie inicjatywy \u015bwiadczy mi\u0119dzy innymi fakt, \u017ce kilka os\u00f3b spo\u015br\u00f3d absolwentek i absolwent\u00f3w programu pracuje dzi\u015b w&nbsp;Biurze Rzecznika w Warszawie. Akademia Rzecznika Finansowego to inicjatywa [&hellip;]<\/p>\n","protected":false},"author":1,"featured_media":740,"comment_status":"open","ping_status":"open","sticky":false,"template":"","format":"standard","meta":{"_acf_changed":false,"inline_featured_image":false,"footnotes":"","_links_to":"","_links_to_target":""},"categories":[1],"tags":[48,46],"class_list":["post-739","post","type-post","status-publish","format-standard","has-post-thumbnail","hentry","category-bez-kategorii","tag-arf","tag-edukacja"],"acf":[],"_links":{"self":[{"href":"https:\/\/rf.gov.pl\/akademia\/wp-json\/wp\/v2\/posts\/739","targetHints":{"allow":["GET"]}}],"collection":[{"href":"https:\/\/rf.gov.pl\/akademia\/wp-json\/wp\/v2\/posts"}],"about":[{"href":"https:\/\/rf.gov.pl\/akademia\/wp-json\/wp\/v2\/types\/post"}],"author":[{"embeddable":true,"href":"https:\/\/rf.gov.pl\/akademia\/wp-json\/wp\/v2\/users\/1"}],"replies":[{"embeddable":true,"href":"https:\/\/rf.gov.pl\/akademia\/wp-json\/wp\/v2\/comments?post=739"}],"version-history":[{"count":1,"href":"https:\/\/rf.gov.pl\/akademia\/wp-json\/wp\/v2\/posts\/739\/revisions"}],"predecessor-version":[{"id":744,"href":"https:\/\/rf.gov.pl\/akademia\/wp-json\/wp\/v2\/posts\/739\/revisions\/744"}],"wp:featuredmedia":[{"embeddable":true,"href":"https:\/\/rf.gov.pl\/akademia\/wp-json\/wp\/v2\/media\/740"}],"wp:attachment":[{"href":"https:\/\/rf.gov.pl\/akademia\/wp-json\/wp\/v2\/media?parent=739"}],"wp:term":[{"taxonomy":"category","embeddable":true,"href":"https:\/\/rf.gov.pl\/akademia\/wp-json\/wp\/v2\/categories?post=739"},{"taxonomy":"post_tag","embeddable":true,"href":"https:\/\/rf.gov.pl\/akademia\/wp-json\/wp\/v2\/tags?post=739"}],"curies":[{"name":"wp","href":"https:\/\/api.w.org\/{rel}","templated":true}]}}